{"id":99,"date":"2021-06-21T13:24:25","date_gmt":"2021-06-21T16:24:25","guid":{"rendered":"https:\/\/educacaointegral.org.br\/especiais\/educacao-integral-na-serra\/?p=99"},"modified":"2021-06-21T13:24:26","modified_gmt":"2021-06-21T16:24:26","slug":"cultura-e-saberes-dos-povos-africanos-e-indigenas-no-territorio-da-serra-es","status":"publish","type":"post","link":"https:\/\/educacaointegral.org.br\/especiais\/educacao-integral-na-serra\/2021\/06\/21\/cultura-e-saberes-dos-povos-africanos-e-indigenas-no-territorio-da-serra-es\/","title":{"rendered":"Cultura e Saberes dos povos africanos e ind\u00edgenas no territ\u00f3rio da Serra (ES)"},"content":{"rendered":"\n<div class=\"wp-container-1 wp-block-buttons alignright is-content-justification-right\">\n<div class=\"wp-block-button btn-baixe\"><a class=\"wp-block-button__link has-background\" style=\"background-color:#c33761;border-radius:46px\">Baixe essa pr\u00e1tica<\/a><\/div>\n<\/div>\n\n\n\n<div style=\"height:26px\" aria-hidden=\"true\" class=\"wp-block-spacer\"><\/div>\n\n\n\n<div class=\"wp-block-columns\">\n<div class=\"wp-block-column\" style=\"flex-basis:20%\">\n<div class=\"wp-block-image\"><figure class=\"alignright size-large\"><img loading=\"lazy\" width=\"90\" height=\"111\" src=\"https:\/\/educacaointegral.org.br\/especiais\/educacao-integral-na-serra\/wp-content\/uploads\/sites\/5\/2021\/04\/icon-planeje-rosa.png\" alt=\"\" class=\"wp-image-45\"\/><\/figure><\/div>\n\n\n\n<p><\/p>\n<\/div>\n\n\n\n<div class=\"wp-block-column\">\n<p><strong>Etapa:<\/strong> &nbsp;EFII e EJA<\/p>\n\n\n\n<p><strong>Objetivos:<\/strong>&nbsp;<\/p>\n\n\n\n<ul><li>Reconhecer a influ\u00eancia e import\u00e2ncia das culturas e saberes Afro-Brasileira e ind\u00edgena para a constru\u00e7\u00e3o da sociedade contempor\u00e2nea.<\/li><\/ul>\n\n\n\n<p><strong>Tempo para a atividade:<\/strong> 5 aulas<\/p>\n<\/div>\n<\/div>\n\n\n\n<hr class=\"wp-block-separator has-text-color has-background has-very-light-gray-background-color has-very-light-gray-color is-style-default\"\/>\n\n\n\n<div class=\"wp-block-columns\">\n<div class=\"wp-block-column\" style=\"flex-basis:20%\">\n<div class=\"wp-block-image\"><figure class=\"alignright size-large\"><img loading=\"lazy\" width=\"134\" height=\"120\" src=\"https:\/\/educacaointegral.org.br\/especiais\/educacao-integral-na-serra\/wp-content\/uploads\/sites\/5\/2021\/04\/icon-implemente-rosa.png\" alt=\"\" class=\"wp-image-46\"\/><\/figure><\/div>\n<\/div>\n\n\n\n<div class=\"wp-block-column\">\n<p><strong>Intencionalidades pedag\u00f3gicas: <\/strong>Trata-se de uma proposta interdisciplinar em que ser\u00e3o acessados os conhecimentos historicamente produzidos nas \u00e1reas de hist\u00f3ria\/geografia, l\u00edngua portuguesa e matem\u00e1tica. Produ\u00e7\u00e3o de textos que possam abranger a cultura ind\u00edgena e sua influ\u00eancia na constitui\u00e7\u00e3o do povo brasileiro e a hist\u00f3ria apresentando o Egito, continente africano, como o ber\u00e7o da matem\u00e1tica.<\/p>\n\n\n\n<p><strong>Como acontece:<\/strong> Na aula 1 os estudantes ser\u00e3o convidados a assistir a um v\u00eddeo sobre os povos ind\u00edgenas produzido pela TV Brasil&nbsp; o qual pode ser acessado atrav\u00e9s do link: <a href=\"https:\/\/www.youtube.com\/watch?v=ZecRLbA7H3w\">https:\/\/www.youtube.com\/watch?v=ZecRLbA7H3w<\/a>. Ao final da aula 1 e na aula 2, os alunos ser\u00e3o encorajados pelo professor&nbsp; a compartilharem as suas impress\u00f5es sobre o v\u00eddeo com algumas quest\u00f5es disparadoras: 1) Quais as influ\u00eancias dos povos ind\u00edgenas no munic\u00edpio de Serra?; 2) Quais os principais desafios enfrentados pelos povos ind\u00edgenas brasileiros? 3) Qual a import\u00e2ncia de se preservar e proteger os povos ind\u00edgenas? 4) Quais os caminhos para se proteger os povos ind\u00edgenas? As discuss\u00f5es realizadas dever\u00e3o ser registradas pelos estudantes para compor com texto coletivo que ser\u00e1 compartilhado com todos os estudantes.<\/p>\n\n\n\n<p>Na aula 3, os estudantes ser\u00e3o convidados a assistir um v\u00eddeo que apresenta a matem\u00e1tica no Egito e na Babil\u00f4nia. O v\u00eddeo produzido pela UNIVESP pode ser acessado atrav\u00e9s do link: <a href=\"https:\/\/www.youtube.com\/watch?v=-T4NtKFDTv4\">https:\/\/www.youtube.com\/watch?v=-T4NtKFDTv4<\/a>.&nbsp; Ao final da aula 3 e na aula 4 os alunos ser\u00e3o encorajados pelo professor a compartilharem as suas impress\u00f5es sobre o v\u00eddeo com algumas quest\u00f5es disparadoras: 1) Como o continente africano \u00e9 apresentado para n\u00f3s brasileiros atrav\u00e9s das m\u00eddias? 2) Voc\u00ea sabia da import\u00e2ncia dos eg\u00edpcios na hist\u00f3ria da matem\u00e1tica? 3) Quais outras contribui\u00e7\u00f5es dos povos africanos para a humanidade que voc\u00ea conhece e que n\u00e3o s\u00e3o divulgados? 4) Como s\u00e3o as cidades do continente africano?<\/p>\n\n\n\n<p>Na aula 5, orientados pelo professor, os estudantes ir\u00e3o produzir, coletivamente, um texto s\u00edntese referentes \u00e0s atividades realizadas utilizando-se da ferramenta <em>google docs<\/em>, caso a atividade seja realizada no contexto de distanciamento social. O texto produzido ser\u00e1 compartilhado com as fam\u00edlias e outros estudantes da escola.&nbsp;<\/p>\n<\/div>\n<\/div>\n\n\n\n<hr class=\"wp-block-separator has-text-color has-background has-very-light-gray-background-color has-very-light-gray-color is-style-default\"\/>\n\n\n\n<div class=\"wp-block-columns\">\n<div class=\"wp-block-column\" style=\"flex-basis:20%\">\n<div class=\"wp-block-image\"><figure class=\"alignright size-large\"><img loading=\"lazy\" width=\"137\" height=\"107\" src=\"https:\/\/educacaointegral.org.br\/especiais\/educacao-integral-na-serra\/wp-content\/uploads\/sites\/5\/2021\/04\/icon-fica-a-dica-rosa.png\" alt=\"\" class=\"wp-image-47\"\/><\/figure><\/div>\n<\/div>\n\n\n\n<div class=\"wp-block-column\">\n<ul><li>essa atividade pode ser realizada em condi\u00e7\u00e3o de distanciamento social;<\/li><li>sugerimos alguns v\u00eddeos que podem complementar a sua atividade: <br><strong>1 \u2013 Cordelista ind\u00edgena Tabajara <\/strong>(<a href=\"https:\/\/www.youtube.com\/watch?v=GOlZuP9bv7I\" target=\"_blank\" rel=\"noreferrer noopener\">https:\/\/www.youtube.com\/watch?v=GOlZuP9bv7I<\/a>); <strong>2- Alguns pa\u00edses africanos <\/strong>(<a href=\"https:\/\/www.youtube.com\/watch?v=n0ZBe_wZJhU\" target=\"_blank\" rel=\"noreferrer noopener\">https:\/\/www.youtube.com\/watch?v=n0ZBe_wZJhU<\/a>).<\/li><\/ul>\n<\/div>\n<\/div>\n\n\n\n<p><\/p>\n","protected":false},"excerpt":{"rendered":"<p>Etapa: &nbsp;EFII e EJA Objetivos:&nbsp; Reconhecer a influ\u00eancia e import\u00e2ncia das culturas e saberes Afro-Brasileira e ind\u00edgena para a constru\u00e7\u00e3o da sociedade contempor\u00e2nea. Tempo para a atividade: 5 aulas Intencionalidades pedag\u00f3gicas: Trata-se de uma proposta interdisciplinar em que ser\u00e3o acessados os conhecimentos historicamente produzidos nas \u00e1reas de hist\u00f3ria\/geografia, l\u00edngua portuguesa e matem\u00e1tica. Produ\u00e7\u00e3o de textos [&hellip;]<\/p>\n","protected":false},"author":1,"featured_media":0,"comment_status":"open","ping_status":"open","sticky":false,"template":"","format":"standard","meta":[],"categories":[3],"tags":[],"yoast_head":"<!-- This site is optimized with the Yoast SEO plugin v19.13 - https:\/\/yoast.com\/wordpress\/plugins\/seo\/ -->\n<title>Cultura e Saberes dos povos africanos e ind\u00edgenas no territ\u00f3rio da Serra (ES) - Educa\u00e7\u00e3o Integral na Serra<\/title>\n<meta name=\"robots\" content=\"index, follow, max-snippet:-1, max-image-preview:large, max-video-preview:-1\" \/>\n<link rel=\"canonical\" href=\"https:\/\/educacaointegral.org.br\/especiais\/educacao-integral-na-serra\/2021\/06\/21\/cultura-e-saberes-dos-povos-africanos-e-indigenas-no-territorio-da-serra-es\/\" \/>\n<meta property=\"og:locale\" content=\"pt_BR\" \/>\n<meta property=\"og:type\" content=\"article\" \/>\n<meta property=\"og:title\" content=\"Cultura e Saberes dos povos africanos e ind\u00edgenas no territ\u00f3rio da Serra (ES) - Educa\u00e7\u00e3o Integral na Serra\" \/>\n<meta property=\"og:description\" content=\"Etapa: &nbsp;EFII e EJA Objetivos:&nbsp; Reconhecer a influ\u00eancia e import\u00e2ncia das culturas e saberes Afro-Brasileira e ind\u00edgena para a constru\u00e7\u00e3o da sociedade contempor\u00e2nea. Tempo para a atividade: 5 aulas Intencionalidades pedag\u00f3gicas: Trata-se de uma proposta interdisciplinar em que ser\u00e3o acessados os conhecimentos historicamente produzidos nas \u00e1reas de hist\u00f3ria\/geografia, l\u00edngua portuguesa e matem\u00e1tica. Produ\u00e7\u00e3o de textos [&hellip;]\" \/>\n<meta property=\"og:url\" content=\"https:\/\/educacaointegral.org.br\/especiais\/educacao-integral-na-serra\/2021\/06\/21\/cultura-e-saberes-dos-povos-africanos-e-indigenas-no-territorio-da-serra-es\/\" \/>\n<meta property=\"og:site_name\" content=\"Educa\u00e7\u00e3o Integral na Serra\" \/>\n<meta property=\"article:published_time\" content=\"2021-06-21T16:24:25+00:00\" \/>\n<meta property=\"article:modified_time\" content=\"2021-06-21T16:24:26+00:00\" \/>\n<meta property=\"og:image\" content=\"https:\/\/educacaointegral.org.br\/especiais\/educacao-integral-na-serra\/wp-content\/uploads\/sites\/5\/2021\/04\/icon-planeje-rosa.png\" \/>\n<meta name=\"author\" content=\"adminAprendiz\" \/>\n<meta name=\"twitter:card\" content=\"summary_large_image\" \/>\n<meta name=\"twitter:label1\" content=\"Escrito por\" \/>\n\t<meta name=\"twitter:data1\" content=\"adminAprendiz\" \/>\n\t<meta name=\"twitter:label2\" content=\"Est. tempo de leitura\" \/>\n\t<meta name=\"twitter:data2\" content=\"2 minutos\" \/>\n<script type=\"application\/ld+json\" class=\"yoast-schema-graph\">{\"@context\":\"https:\/\/schema.org\",\"@graph\":[{\"@type\":\"WebPage\",\"@id\":\"https:\/\/educacaointegral.org.br\/especiais\/educacao-integral-na-serra\/2021\/06\/21\/cultura-e-saberes-dos-povos-africanos-e-indigenas-no-territorio-da-serra-es\/\",\"url\":\"https:\/\/educacaointegral.org.br\/especiais\/educacao-integral-na-serra\/2021\/06\/21\/cultura-e-saberes-dos-povos-africanos-e-indigenas-no-territorio-da-serra-es\/\",\"name\":\"Cultura e Saberes dos povos africanos e ind\u00edgenas no territ\u00f3rio da Serra (ES) - Educa\u00e7\u00e3o Integral na Serra\",\"isPartOf\":{\"@id\":\"https:\/\/educacaointegral.org.br\/especiais\/educacao-integral-na-serra\/#website\"},\"datePublished\":\"2021-06-21T16:24:25+00:00\",\"dateModified\":\"2021-06-21T16:24:26+00:00\",\"author\":{\"@id\":\"https:\/\/educacaointegral.org.br\/especiais\/educacao-integral-na-serra\/#\/schema\/person\/a66e4367284eb709977eaceffea97678\"},\"breadcrumb\":{\"@id\":\"https:\/\/educacaointegral.org.br\/especiais\/educacao-integral-na-serra\/2021\/06\/21\/cultura-e-saberes-dos-povos-africanos-e-indigenas-no-territorio-da-serra-es\/#breadcrumb\"},\"inLanguage\":\"pt-BR\",\"potentialAction\":[{\"@type\":\"ReadAction\",\"target\":[\"https:\/\/educacaointegral.org.br\/especiais\/educacao-integral-na-serra\/2021\/06\/21\/cultura-e-saberes-dos-povos-africanos-e-indigenas-no-territorio-da-serra-es\/\"]}]},{\"@type\":\"BreadcrumbList\",\"@id\":\"https:\/\/educacaointegral.org.br\/especiais\/educacao-integral-na-serra\/2021\/06\/21\/cultura-e-saberes-dos-povos-africanos-e-indigenas-no-territorio-da-serra-es\/#breadcrumb\",\"itemListElement\":[{\"@type\":\"ListItem\",\"position\":1,\"name\":\"In\u00edcio\",\"item\":\"https:\/\/educacaointegral.org.br\/especiais\/educacao-integral-na-serra\/\"},{\"@type\":\"ListItem\",\"position\":2,\"name\":\"Cultura e Saberes dos povos africanos e ind\u00edgenas no territ\u00f3rio da Serra (ES)\"}]},{\"@type\":\"WebSite\",\"@id\":\"https:\/\/educacaointegral.org.br\/especiais\/educacao-integral-na-serra\/#website\",\"url\":\"https:\/\/educacaointegral.org.br\/especiais\/educacao-integral-na-serra\/\",\"name\":\"Educa\u00e7\u00e3o Integral na Serra\",\"description\":\"Educa\u00e7\u00e3o Integral e Territ\u00f3rios Educativos nas Pr\u00e1ticas Pedag\u00f3gicas da rede municipal de ensino de Serra\",\"potentialAction\":[{\"@type\":\"SearchAction\",\"target\":{\"@type\":\"EntryPoint\",\"urlTemplate\":\"https:\/\/educacaointegral.org.br\/especiais\/educacao-integral-na-serra\/?s={search_term_string}\"},\"query-input\":\"required name=search_term_string\"}],\"inLanguage\":\"pt-BR\"},{\"@type\":\"Person\",\"@id\":\"https:\/\/educacaointegral.org.br\/especiais\/educacao-integral-na-serra\/#\/schema\/person\/a66e4367284eb709977eaceffea97678\",\"name\":\"adminAprendiz\",\"image\":{\"@type\":\"ImageObject\",\"inLanguage\":\"pt-BR\",\"@id\":\"https:\/\/educacaointegral.org.br\/especiais\/educacao-integral-na-serra\/#\/schema\/person\/image\/\",\"url\":\"https:\/\/secure.gravatar.com\/avatar\/2c1508892e383f1f83fa78473fbd7041?s=96&d=mm&r=g\",\"contentUrl\":\"https:\/\/secure.gravatar.com\/avatar\/2c1508892e383f1f83fa78473fbd7041?s=96&d=mm&r=g\",\"caption\":\"adminAprendiz\"},\"url\":\"https:\/\/educacaointegral.org.br\/especiais\/educacao-integral-na-serra\/author\/adminaprendiz\/\"}]}<\/script>\n<!-- \/ Yoast SEO plugin. -->","yoast_head_json":{"title":"Cultura e Saberes dos povos africanos e ind\u00edgenas no territ\u00f3rio da Serra (ES) - Educa\u00e7\u00e3o Integral na Serra","robots":{"index":"index","follow":"follow","max-snippet":"max-snippet:-1","max-image-preview":"max-image-preview:large","max-video-preview":"max-video-preview:-1"},"canonical":"https:\/\/educacaointegral.org.br\/especiais\/educacao-integral-na-serra\/2021\/06\/21\/cultura-e-saberes-dos-povos-africanos-e-indigenas-no-territorio-da-serra-es\/","og_locale":"pt_BR","og_type":"article","og_title":"Cultura e Saberes dos povos africanos e ind\u00edgenas no territ\u00f3rio da Serra (ES) - Educa\u00e7\u00e3o Integral na Serra","og_description":"Etapa: &nbsp;EFII e EJA Objetivos:&nbsp; Reconhecer a influ\u00eancia e import\u00e2ncia das culturas e saberes Afro-Brasileira e ind\u00edgena para a constru\u00e7\u00e3o da sociedade contempor\u00e2nea. Tempo para a atividade: 5 aulas Intencionalidades pedag\u00f3gicas: Trata-se de uma proposta interdisciplinar em que ser\u00e3o acessados os conhecimentos historicamente produzidos nas \u00e1reas de hist\u00f3ria\/geografia, l\u00edngua portuguesa e matem\u00e1tica. Produ\u00e7\u00e3o de textos [&hellip;]","og_url":"https:\/\/educacaointegral.org.br\/especiais\/educacao-integral-na-serra\/2021\/06\/21\/cultura-e-saberes-dos-povos-africanos-e-indigenas-no-territorio-da-serra-es\/","og_site_name":"Educa\u00e7\u00e3o Integral na Serra","article_published_time":"2021-06-21T16:24:25+00:00","article_modified_time":"2021-06-21T16:24:26+00:00","og_image":[{"url":"https:\/\/educacaointegral.org.br\/especiais\/educacao-integral-na-serra\/wp-content\/uploads\/sites\/5\/2021\/04\/icon-planeje-rosa.png"}],"author":"adminAprendiz","twitter_card":"summary_large_image","twitter_misc":{"Escrito por":"adminAprendiz","Est. tempo de leitura":"2 minutos"},"schema":{"@context":"https:\/\/schema.org","@graph":[{"@type":"WebPage","@id":"https:\/\/educacaointegral.org.br\/especiais\/educacao-integral-na-serra\/2021\/06\/21\/cultura-e-saberes-dos-povos-africanos-e-indigenas-no-territorio-da-serra-es\/","url":"https:\/\/educacaointegral.org.br\/especiais\/educacao-integral-na-serra\/2021\/06\/21\/cultura-e-saberes-dos-povos-africanos-e-indigenas-no-territorio-da-serra-es\/","name":"Cultura e Saberes dos povos africanos e ind\u00edgenas no territ\u00f3rio da Serra (ES) - Educa\u00e7\u00e3o Integral na Serra","isPartOf":{"@id":"https:\/\/educacaointegral.org.br\/especiais\/educacao-integral-na-serra\/#website"},"datePublished":"2021-06-21T16:24:25+00:00","dateModified":"2021-06-21T16:24:26+00:00","author":{"@id":"https:\/\/educacaointegral.org.br\/especiais\/educacao-integral-na-serra\/#\/schema\/person\/a66e4367284eb709977eaceffea97678"},"breadcrumb":{"@id":"https:\/\/educacaointegral.org.br\/especiais\/educacao-integral-na-serra\/2021\/06\/21\/cultura-e-saberes-dos-povos-africanos-e-indigenas-no-territorio-da-serra-es\/#breadcrumb"},"inLanguage":"pt-BR","potentialAction":[{"@type":"ReadAction","target":["https:\/\/educacaointegral.org.br\/especiais\/educacao-integral-na-serra\/2021\/06\/21\/cultura-e-saberes-dos-povos-africanos-e-indigenas-no-territorio-da-serra-es\/"]}]},{"@type":"BreadcrumbList","@id":"https:\/\/educacaointegral.org.br\/especiais\/educacao-integral-na-serra\/2021\/06\/21\/cultura-e-saberes-dos-povos-africanos-e-indigenas-no-territorio-da-serra-es\/#breadcrumb","itemListElement":[{"@type":"ListItem","position":1,"name":"In\u00edcio","item":"https:\/\/educacaointegral.org.br\/especiais\/educacao-integral-na-serra\/"},{"@type":"ListItem","position":2,"name":"Cultura e Saberes dos povos africanos e ind\u00edgenas no territ\u00f3rio da Serra (ES)"}]},{"@type":"WebSite","@id":"https:\/\/educacaointegral.org.br\/especiais\/educacao-integral-na-serra\/#website","url":"https:\/\/educacaointegral.org.br\/especiais\/educacao-integral-na-serra\/","name":"Educa\u00e7\u00e3o Integral na Serra","description":"Educa\u00e7\u00e3o Integral e Territ\u00f3rios Educativos nas Pr\u00e1ticas Pedag\u00f3gicas da rede municipal de ensino de Serra","potentialAction":[{"@type":"SearchAction","target":{"@type":"EntryPoint","urlTemplate":"https:\/\/educacaointegral.org.br\/especiais\/educacao-integral-na-serra\/?s={search_term_string}"},"query-input":"required name=search_term_string"}],"inLanguage":"pt-BR"},{"@type":"Person","@id":"https:\/\/educacaointegral.org.br\/especiais\/educacao-integral-na-serra\/#\/schema\/person\/a66e4367284eb709977eaceffea97678","name":"adminAprendiz","image":{"@type":"ImageObject","inLanguage":"pt-BR","@id":"https:\/\/educacaointegral.org.br\/especiais\/educacao-integral-na-serra\/#\/schema\/person\/image\/","url":"https:\/\/secure.gravatar.com\/avatar\/2c1508892e383f1f83fa78473fbd7041?s=96&d=mm&r=g","contentUrl":"https:\/\/secure.gravatar.com\/avatar\/2c1508892e383f1f83fa78473fbd7041?s=96&d=mm&r=g","caption":"adminAprendiz"},"url":"https:\/\/educacaointegral.org.br\/especiais\/educacao-integral-na-serra\/author\/adminaprendiz\/"}]}},"_links":{"self":[{"href":"https:\/\/educacaointegral.org.br\/especiais\/educacao-integral-na-serra\/wp-json\/wp\/v2\/posts\/99"}],"collection":[{"href":"https:\/\/educacaointegral.org.br\/especiais\/educacao-integral-na-serra\/wp-json\/wp\/v2\/posts"}],"about":[{"href":"https:\/\/educacaointegral.org.br\/especiais\/educacao-integral-na-serra\/wp-json\/wp\/v2\/types\/post"}],"author":[{"embeddable":true,"href":"https:\/\/educacaointegral.org.br\/especiais\/educacao-integral-na-serra\/wp-json\/wp\/v2\/users\/1"}],"replies":[{"embeddable":true,"href":"https:\/\/educacaointegral.org.br\/especiais\/educacao-integral-na-serra\/wp-json\/wp\/v2\/comments?post=99"}],"version-history":[{"count":1,"href":"https:\/\/educacaointegral.org.br\/especiais\/educacao-integral-na-serra\/wp-json\/wp\/v2\/posts\/99\/revisions"}],"predecessor-version":[{"id":100,"href":"https:\/\/educacaointegral.org.br\/especiais\/educacao-integral-na-serra\/wp-json\/wp\/v2\/posts\/99\/revisions\/100"}],"wp:attachment":[{"href":"https:\/\/educacaointegral.org.br\/especiais\/educacao-integral-na-serra\/wp-json\/wp\/v2\/media?parent=99"}],"wp:term":[{"taxonomy":"category","embeddable":true,"href":"https:\/\/educacaointegral.org.br\/especiais\/educacao-integral-na-serra\/wp-json\/wp\/v2\/categories?post=99"},{"taxonomy":"post_tag","embeddable":true,"href":"https:\/\/educacaointegral.org.br\/especiais\/educacao-integral-na-serra\/wp-json\/wp\/v2\/tags?post=99"}],"curies":[{"name":"wp","href":"https:\/\/api.w.org\/{rel}","templated":true}]}}