{"id":97,"date":"2021-06-21T13:22:36","date_gmt":"2021-06-21T16:22:36","guid":{"rendered":"https:\/\/educacaointegral.org.br\/especiais\/educacao-integral-na-serra\/?p=97"},"modified":"2021-06-21T13:22:37","modified_gmt":"2021-06-21T16:22:37","slug":"educacao-antirracista-a-historia-de-luta-do-movimento-negro","status":"publish","type":"post","link":"https:\/\/educacaointegral.org.br\/especiais\/educacao-integral-na-serra\/2021\/06\/21\/educacao-antirracista-a-historia-de-luta-do-movimento-negro\/","title":{"rendered":"Educa\u00e7\u00e3o antirracista: a hist\u00f3ria de luta do Movimento Negro"},"content":{"rendered":"\n<div class=\"wp-container-1 wp-block-buttons alignright is-content-justification-right\">\n<div class=\"wp-block-button btn-baixe\"><a class=\"wp-block-button__link has-background\" style=\"background-color:#c33761;border-radius:46px\">Baixe essa pr\u00e1tica<\/a><\/div>\n<\/div>\n\n\n\n<div style=\"height:26px\" aria-hidden=\"true\" class=\"wp-block-spacer\"><\/div>\n\n\n\n<div class=\"wp-block-columns\">\n<div class=\"wp-block-column\" style=\"flex-basis:20%\">\n<div class=\"wp-block-image\"><figure class=\"alignright size-large\"><img loading=\"lazy\" width=\"90\" height=\"111\" src=\"https:\/\/educacaointegral.org.br\/especiais\/educacao-integral-na-serra\/wp-content\/uploads\/sites\/5\/2021\/04\/icon-planeje-rosa.png\" alt=\"\" class=\"wp-image-45\"\/><\/figure><\/div>\n\n\n\n<p><\/p>\n<\/div>\n\n\n\n<div class=\"wp-block-column\">\n<p><strong>Etapa:<\/strong> \u00a0EFII e EJA<\/p>\n\n\n\n<p><strong>Objetivos:<\/strong>&nbsp;<\/p>\n\n\n\n<ul><li>Entender o\u00a0 movimento negro como uma forma de contesta\u00e7\u00e3o ao racismo e outras formas de discrimina\u00e7\u00e3o.\u00a0<\/li><li>Valorizar a cultura negra em suas diversas manifesta\u00e7\u00f5es.<\/li><\/ul>\n\n\n\n<p><strong>Tempo para a atividade:<\/strong> 5 aulas<\/p>\n<\/div>\n<\/div>\n\n\n\n<hr class=\"wp-block-separator has-text-color has-background has-very-light-gray-background-color has-very-light-gray-color is-style-default\"\/>\n\n\n\n<div class=\"wp-block-columns\">\n<div class=\"wp-block-column\" style=\"flex-basis:20%\">\n<div class=\"wp-block-image\"><figure class=\"alignright size-large\"><img loading=\"lazy\" width=\"134\" height=\"120\" src=\"https:\/\/educacaointegral.org.br\/especiais\/educacao-integral-na-serra\/wp-content\/uploads\/sites\/5\/2021\/04\/icon-implemente-rosa.png\" alt=\"\" class=\"wp-image-46\"\/><\/figure><\/div>\n<\/div>\n\n\n\n<div class=\"wp-block-column\">\n<p><strong>Intencionalidades pedag\u00f3gicas: <\/strong>Valorizar a cultura negra e elevar a auto-estima dos alunos. Promover a uni\u00e3o, a paz, a fraternidade e a valoriza\u00e7\u00e3o das \u201cdiferen\u00e7as\u201d e dos talentos de todos. Valorizar os potenciais educativos de Serra.&nbsp;<\/p>\n\n\n\n<p><strong>Como acontece:<\/strong> Em um primeiro momento, o professor&nbsp; inicia uma discuss\u00e3o sobre a import\u00e2ncia de se trabalhar a valoriza\u00e7\u00e3o das diferen\u00e7as na escola a partir da quest\u00e3o disparadora: 1) Qual \u00e9 o nosso lugar no mundo enquanto&nbsp; pretos, pardos, ind\u00edgenas e quilombolas?&nbsp; Ao final da aula 1 e aula 2, o professor&nbsp; aprofunda-se no tema sobre os povos africanos e ind\u00edgenas no Brasil e as suas influ\u00eancias em Serra (ES).&nbsp;<\/p>\n\n\n\n<p>Na aula 3, o&nbsp; professor apresenta a hist\u00f3ria do movimento negro a partir da v\u00eddeo aula do professor Gustavo Forde do Instituto Federal do Esp\u00edrito Santo. Ao final da aula 3 e nas aulas 4 e 5, o&nbsp; professor&nbsp; dispara a discuss\u00e3o com base em algumas quest\u00f5es para a reflex\u00e3o: 1) O que a hist\u00f3ria tem a nos dizer sobre as desigualdades sociais e raciais t\u00e3o evidentes no Brasil? Qual a import\u00e2ncia do movimento negro e suas conquistas? Quais os impactos dessas conquistas para a toda a popula\u00e7\u00e3o brasileira? Qual a sua percep\u00e7\u00e3o sobre as quest\u00f5es raciais no munic\u00edpio de Serra? Qual o papel da escola no combate ao racismo? Todas essas reflex\u00f5es dever\u00e3o ser registradas por cada aluno em formato de texto.&nbsp;<\/p>\n\n\n\n<p>O&nbsp; professor proporcionar\u00e1 um momento para que todos os alunos compartilhem as suas produ\u00e7\u00f5es.<\/p>\n<\/div>\n<\/div>\n\n\n\n<hr class=\"wp-block-separator has-text-color has-background has-very-light-gray-background-color has-very-light-gray-color is-style-default\"\/>\n\n\n\n<div class=\"wp-block-columns\">\n<div class=\"wp-block-column\" style=\"flex-basis:20%\">\n<div class=\"wp-block-image\"><figure class=\"alignright size-large\"><img loading=\"lazy\" width=\"137\" height=\"107\" src=\"https:\/\/educacaointegral.org.br\/especiais\/educacao-integral-na-serra\/wp-content\/uploads\/sites\/5\/2021\/04\/icon-fica-a-dica-rosa.png\" alt=\"\" class=\"wp-image-47\"\/><\/figure><\/div>\n<\/div>\n\n\n\n<div class=\"wp-block-column\">\n<ul><li>essa atividade pode ser realizada em condi\u00e7\u00e3o de distanciamento social;<\/li><li>sugerimos a leitura dos texto jornal\u00edsticos publicados no Portal Aprendiz com base em um conversa com um a poeta quilombola Ana Mumbuca (<a href=\"https:\/\/portal.aprendiz.uol.com.br\/2020\/12\/28\/diversidade-e-coletividade-como-formas-de-existir-mundo-uma-conversa-com-poeta-quilombola-ana-mumbuca\/\">https:\/\/portal.aprendiz.uol.com.br\/2020\/12\/28\/diversidade-e-coletividade-como-formas-de-existir-mundo-uma-conversa-com-poeta-quilombola-ana-mumbuca\/<\/a>) e no Jornal da USP com o escritor quadrinista Marcelo d\u00b4Salete (<a href=\"https:\/\/jornal.usp.br\/cultura\/professor-da-escola-de-aplicacao-da-usp-ganha-o-oscar-da-hq\/\">https:\/\/jornal.usp.br\/cultura\/professor-da-escola-de-aplicacao-da-usp-ganha-o-oscar-da-hq\/<\/a>).<\/li><\/ul>\n\n\n\n<p><\/p>\n<\/div>\n<\/div>\n\n\n\n<p><\/p>\n","protected":false},"excerpt":{"rendered":"<p>Etapa: \u00a0EFII e EJA Objetivos:&nbsp; Entender o\u00a0 movimento negro como uma forma de contesta\u00e7\u00e3o ao racismo e outras formas de discrimina\u00e7\u00e3o.\u00a0 Valorizar a cultura negra em suas diversas manifesta\u00e7\u00f5es. Tempo para a atividade: 5 aulas Intencionalidades pedag\u00f3gicas: Valorizar a cultura negra e elevar a auto-estima dos alunos. Promover a uni\u00e3o, a paz, a fraternidade e [&hellip;]<\/p>\n","protected":false},"author":1,"featured_media":0,"comment_status":"open","ping_status":"open","sticky":false,"template":"","format":"standard","meta":[],"categories":[3],"tags":[],"yoast_head":"<!-- This site is optimized with the Yoast SEO plugin v19.13 - https:\/\/yoast.com\/wordpress\/plugins\/seo\/ -->\n<title>Educa\u00e7\u00e3o antirracista: a hist\u00f3ria de luta do Movimento Negro - Educa\u00e7\u00e3o Integral na Serra<\/title>\n<meta name=\"robots\" content=\"index, follow, max-snippet:-1, max-image-preview:large, max-video-preview:-1\" \/>\n<link rel=\"canonical\" href=\"https:\/\/educacaointegral.org.br\/especiais\/educacao-integral-na-serra\/2021\/06\/21\/educacao-antirracista-a-historia-de-luta-do-movimento-negro\/\" \/>\n<meta property=\"og:locale\" content=\"pt_BR\" \/>\n<meta property=\"og:type\" content=\"article\" \/>\n<meta property=\"og:title\" content=\"Educa\u00e7\u00e3o antirracista: a hist\u00f3ria de luta do Movimento Negro - Educa\u00e7\u00e3o Integral na Serra\" \/>\n<meta property=\"og:description\" content=\"Etapa: \u00a0EFII e EJA Objetivos:&nbsp; Entender o\u00a0 movimento negro como uma forma de contesta\u00e7\u00e3o ao racismo e outras formas de discrimina\u00e7\u00e3o.\u00a0 Valorizar a cultura negra em suas diversas manifesta\u00e7\u00f5es. Tempo para a atividade: 5 aulas Intencionalidades pedag\u00f3gicas: Valorizar a cultura negra e elevar a auto-estima dos alunos. Promover a uni\u00e3o, a paz, a fraternidade e [&hellip;]\" \/>\n<meta property=\"og:url\" content=\"https:\/\/educacaointegral.org.br\/especiais\/educacao-integral-na-serra\/2021\/06\/21\/educacao-antirracista-a-historia-de-luta-do-movimento-negro\/\" \/>\n<meta property=\"og:site_name\" content=\"Educa\u00e7\u00e3o Integral na Serra\" \/>\n<meta property=\"article:published_time\" content=\"2021-06-21T16:22:36+00:00\" \/>\n<meta property=\"article:modified_time\" content=\"2021-06-21T16:22:37+00:00\" \/>\n<meta property=\"og:image\" content=\"https:\/\/educacaointegral.org.br\/especiais\/educacao-integral-na-serra\/wp-content\/uploads\/sites\/5\/2021\/04\/icon-planeje-rosa.png\" \/>\n<meta name=\"author\" content=\"adminAprendiz\" \/>\n<meta name=\"twitter:card\" content=\"summary_large_image\" \/>\n<meta name=\"twitter:label1\" content=\"Escrito por\" \/>\n\t<meta name=\"twitter:data1\" content=\"adminAprendiz\" \/>\n\t<meta name=\"twitter:label2\" content=\"Est. tempo de leitura\" \/>\n\t<meta name=\"twitter:data2\" content=\"2 minutos\" \/>\n<script type=\"application\/ld+json\" class=\"yoast-schema-graph\">{\"@context\":\"https:\/\/schema.org\",\"@graph\":[{\"@type\":\"WebPage\",\"@id\":\"https:\/\/educacaointegral.org.br\/especiais\/educacao-integral-na-serra\/2021\/06\/21\/educacao-antirracista-a-historia-de-luta-do-movimento-negro\/\",\"url\":\"https:\/\/educacaointegral.org.br\/especiais\/educacao-integral-na-serra\/2021\/06\/21\/educacao-antirracista-a-historia-de-luta-do-movimento-negro\/\",\"name\":\"Educa\u00e7\u00e3o antirracista: a hist\u00f3ria de luta do Movimento Negro - Educa\u00e7\u00e3o Integral na Serra\",\"isPartOf\":{\"@id\":\"https:\/\/educacaointegral.org.br\/especiais\/educacao-integral-na-serra\/#website\"},\"datePublished\":\"2021-06-21T16:22:36+00:00\",\"dateModified\":\"2021-06-21T16:22:37+00:00\",\"author\":{\"@id\":\"https:\/\/educacaointegral.org.br\/especiais\/educacao-integral-na-serra\/#\/schema\/person\/a66e4367284eb709977eaceffea97678\"},\"breadcrumb\":{\"@id\":\"https:\/\/educacaointegral.org.br\/especiais\/educacao-integral-na-serra\/2021\/06\/21\/educacao-antirracista-a-historia-de-luta-do-movimento-negro\/#breadcrumb\"},\"inLanguage\":\"pt-BR\",\"potentialAction\":[{\"@type\":\"ReadAction\",\"target\":[\"https:\/\/educacaointegral.org.br\/especiais\/educacao-integral-na-serra\/2021\/06\/21\/educacao-antirracista-a-historia-de-luta-do-movimento-negro\/\"]}]},{\"@type\":\"BreadcrumbList\",\"@id\":\"https:\/\/educacaointegral.org.br\/especiais\/educacao-integral-na-serra\/2021\/06\/21\/educacao-antirracista-a-historia-de-luta-do-movimento-negro\/#breadcrumb\",\"itemListElement\":[{\"@type\":\"ListItem\",\"position\":1,\"name\":\"In\u00edcio\",\"item\":\"https:\/\/educacaointegral.org.br\/especiais\/educacao-integral-na-serra\/\"},{\"@type\":\"ListItem\",\"position\":2,\"name\":\"Educa\u00e7\u00e3o antirracista: a hist\u00f3ria de luta do Movimento Negro\"}]},{\"@type\":\"WebSite\",\"@id\":\"https:\/\/educacaointegral.org.br\/especiais\/educacao-integral-na-serra\/#website\",\"url\":\"https:\/\/educacaointegral.org.br\/especiais\/educacao-integral-na-serra\/\",\"name\":\"Educa\u00e7\u00e3o Integral na Serra\",\"description\":\"Educa\u00e7\u00e3o Integral e Territ\u00f3rios Educativos nas Pr\u00e1ticas Pedag\u00f3gicas da rede municipal de ensino de Serra\",\"potentialAction\":[{\"@type\":\"SearchAction\",\"target\":{\"@type\":\"EntryPoint\",\"urlTemplate\":\"https:\/\/educacaointegral.org.br\/especiais\/educacao-integral-na-serra\/?s={search_term_string}\"},\"query-input\":\"required name=search_term_string\"}],\"inLanguage\":\"pt-BR\"},{\"@type\":\"Person\",\"@id\":\"https:\/\/educacaointegral.org.br\/especiais\/educacao-integral-na-serra\/#\/schema\/person\/a66e4367284eb709977eaceffea97678\",\"name\":\"adminAprendiz\",\"image\":{\"@type\":\"ImageObject\",\"inLanguage\":\"pt-BR\",\"@id\":\"https:\/\/educacaointegral.org.br\/especiais\/educacao-integral-na-serra\/#\/schema\/person\/image\/\",\"url\":\"https:\/\/secure.gravatar.com\/avatar\/2c1508892e383f1f83fa78473fbd7041?s=96&d=mm&r=g\",\"contentUrl\":\"https:\/\/secure.gravatar.com\/avatar\/2c1508892e383f1f83fa78473fbd7041?s=96&d=mm&r=g\",\"caption\":\"adminAprendiz\"},\"url\":\"https:\/\/educacaointegral.org.br\/especiais\/educacao-integral-na-serra\/author\/adminaprendiz\/\"}]}<\/script>\n<!-- \/ Yoast SEO plugin. -->","yoast_head_json":{"title":"Educa\u00e7\u00e3o antirracista: a hist\u00f3ria de luta do Movimento Negro - Educa\u00e7\u00e3o Integral na Serra","robots":{"index":"index","follow":"follow","max-snippet":"max-snippet:-1","max-image-preview":"max-image-preview:large","max-video-preview":"max-video-preview:-1"},"canonical":"https:\/\/educacaointegral.org.br\/especiais\/educacao-integral-na-serra\/2021\/06\/21\/educacao-antirracista-a-historia-de-luta-do-movimento-negro\/","og_locale":"pt_BR","og_type":"article","og_title":"Educa\u00e7\u00e3o antirracista: a hist\u00f3ria de luta do Movimento Negro - Educa\u00e7\u00e3o Integral na Serra","og_description":"Etapa: \u00a0EFII e EJA Objetivos:&nbsp; Entender o\u00a0 movimento negro como uma forma de contesta\u00e7\u00e3o ao racismo e outras formas de discrimina\u00e7\u00e3o.\u00a0 Valorizar a cultura negra em suas diversas manifesta\u00e7\u00f5es. Tempo para a atividade: 5 aulas Intencionalidades pedag\u00f3gicas: Valorizar a cultura negra e elevar a auto-estima dos alunos. Promover a uni\u00e3o, a paz, a fraternidade e [&hellip;]","og_url":"https:\/\/educacaointegral.org.br\/especiais\/educacao-integral-na-serra\/2021\/06\/21\/educacao-antirracista-a-historia-de-luta-do-movimento-negro\/","og_site_name":"Educa\u00e7\u00e3o Integral na Serra","article_published_time":"2021-06-21T16:22:36+00:00","article_modified_time":"2021-06-21T16:22:37+00:00","og_image":[{"url":"https:\/\/educacaointegral.org.br\/especiais\/educacao-integral-na-serra\/wp-content\/uploads\/sites\/5\/2021\/04\/icon-planeje-rosa.png"}],"author":"adminAprendiz","twitter_card":"summary_large_image","twitter_misc":{"Escrito por":"adminAprendiz","Est. tempo de leitura":"2 minutos"},"schema":{"@context":"https:\/\/schema.org","@graph":[{"@type":"WebPage","@id":"https:\/\/educacaointegral.org.br\/especiais\/educacao-integral-na-serra\/2021\/06\/21\/educacao-antirracista-a-historia-de-luta-do-movimento-negro\/","url":"https:\/\/educacaointegral.org.br\/especiais\/educacao-integral-na-serra\/2021\/06\/21\/educacao-antirracista-a-historia-de-luta-do-movimento-negro\/","name":"Educa\u00e7\u00e3o antirracista: a hist\u00f3ria de luta do Movimento Negro - Educa\u00e7\u00e3o Integral na Serra","isPartOf":{"@id":"https:\/\/educacaointegral.org.br\/especiais\/educacao-integral-na-serra\/#website"},"datePublished":"2021-06-21T16:22:36+00:00","dateModified":"2021-06-21T16:22:37+00:00","author":{"@id":"https:\/\/educacaointegral.org.br\/especiais\/educacao-integral-na-serra\/#\/schema\/person\/a66e4367284eb709977eaceffea97678"},"breadcrumb":{"@id":"https:\/\/educacaointegral.org.br\/especiais\/educacao-integral-na-serra\/2021\/06\/21\/educacao-antirracista-a-historia-de-luta-do-movimento-negro\/#breadcrumb"},"inLanguage":"pt-BR","potentialAction":[{"@type":"ReadAction","target":["https:\/\/educacaointegral.org.br\/especiais\/educacao-integral-na-serra\/2021\/06\/21\/educacao-antirracista-a-historia-de-luta-do-movimento-negro\/"]}]},{"@type":"BreadcrumbList","@id":"https:\/\/educacaointegral.org.br\/especiais\/educacao-integral-na-serra\/2021\/06\/21\/educacao-antirracista-a-historia-de-luta-do-movimento-negro\/#breadcrumb","itemListElement":[{"@type":"ListItem","position":1,"name":"In\u00edcio","item":"https:\/\/educacaointegral.org.br\/especiais\/educacao-integral-na-serra\/"},{"@type":"ListItem","position":2,"name":"Educa\u00e7\u00e3o antirracista: a hist\u00f3ria de luta do Movimento Negro"}]},{"@type":"WebSite","@id":"https:\/\/educacaointegral.org.br\/especiais\/educacao-integral-na-serra\/#website","url":"https:\/\/educacaointegral.org.br\/especiais\/educacao-integral-na-serra\/","name":"Educa\u00e7\u00e3o Integral na Serra","description":"Educa\u00e7\u00e3o Integral e Territ\u00f3rios Educativos nas Pr\u00e1ticas Pedag\u00f3gicas da rede municipal de ensino de Serra","potentialAction":[{"@type":"SearchAction","target":{"@type":"EntryPoint","urlTemplate":"https:\/\/educacaointegral.org.br\/especiais\/educacao-integral-na-serra\/?s={search_term_string}"},"query-input":"required name=search_term_string"}],"inLanguage":"pt-BR"},{"@type":"Person","@id":"https:\/\/educacaointegral.org.br\/especiais\/educacao-integral-na-serra\/#\/schema\/person\/a66e4367284eb709977eaceffea97678","name":"adminAprendiz","image":{"@type":"ImageObject","inLanguage":"pt-BR","@id":"https:\/\/educacaointegral.org.br\/especiais\/educacao-integral-na-serra\/#\/schema\/person\/image\/","url":"https:\/\/secure.gravatar.com\/avatar\/2c1508892e383f1f83fa78473fbd7041?s=96&d=mm&r=g","contentUrl":"https:\/\/secure.gravatar.com\/avatar\/2c1508892e383f1f83fa78473fbd7041?s=96&d=mm&r=g","caption":"adminAprendiz"},"url":"https:\/\/educacaointegral.org.br\/especiais\/educacao-integral-na-serra\/author\/adminaprendiz\/"}]}},"_links":{"self":[{"href":"https:\/\/educacaointegral.org.br\/especiais\/educacao-integral-na-serra\/wp-json\/wp\/v2\/posts\/97"}],"collection":[{"href":"https:\/\/educacaointegral.org.br\/especiais\/educacao-integral-na-serra\/wp-json\/wp\/v2\/posts"}],"about":[{"href":"https:\/\/educacaointegral.org.br\/especiais\/educacao-integral-na-serra\/wp-json\/wp\/v2\/types\/post"}],"author":[{"embeddable":true,"href":"https:\/\/educacaointegral.org.br\/especiais\/educacao-integral-na-serra\/wp-json\/wp\/v2\/users\/1"}],"replies":[{"embeddable":true,"href":"https:\/\/educacaointegral.org.br\/especiais\/educacao-integral-na-serra\/wp-json\/wp\/v2\/comments?post=97"}],"version-history":[{"count":1,"href":"https:\/\/educacaointegral.org.br\/especiais\/educacao-integral-na-serra\/wp-json\/wp\/v2\/posts\/97\/revisions"}],"predecessor-version":[{"id":98,"href":"https:\/\/educacaointegral.org.br\/especiais\/educacao-integral-na-serra\/wp-json\/wp\/v2\/posts\/97\/revisions\/98"}],"wp:attachment":[{"href":"https:\/\/educacaointegral.org.br\/especiais\/educacao-integral-na-serra\/wp-json\/wp\/v2\/media?parent=97"}],"wp:term":[{"taxonomy":"category","embeddable":true,"href":"https:\/\/educacaointegral.org.br\/especiais\/educacao-integral-na-serra\/wp-json\/wp\/v2\/categories?post=97"},{"taxonomy":"post_tag","embeddable":true,"href":"https:\/\/educacaointegral.org.br\/especiais\/educacao-integral-na-serra\/wp-json\/wp\/v2\/tags?post=97"}],"curies":[{"name":"wp","href":"https:\/\/api.w.org\/{rel}","templated":true}]}}