{"id":89,"date":"2021-06-21T13:13:39","date_gmt":"2021-06-21T16:13:39","guid":{"rendered":"https:\/\/educacaointegral.org.br\/especiais\/educacao-integral-na-serra\/?p=89"},"modified":"2021-06-21T13:13:40","modified_gmt":"2021-06-21T16:13:40","slug":"a-historia-do-chico-prego-e-a-lenda-do-passaro-de-fogo","status":"publish","type":"post","link":"https:\/\/educacaointegral.org.br\/especiais\/educacao-integral-na-serra\/2021\/06\/21\/a-historia-do-chico-prego-e-a-lenda-do-passaro-de-fogo\/","title":{"rendered":"A hist\u00f3ria do Chico Prego e a lenda do P\u00e1ssaro de Fogo"},"content":{"rendered":"\n<div class=\"wp-container-1 wp-block-buttons alignright is-content-justification-right\">\n<div class=\"wp-block-button btn-baixe\"><a class=\"wp-block-button__link has-background\" style=\"background-color:#c33761;border-radius:46px\">Baixe essa pr\u00e1tica<\/a><\/div>\n<\/div>\n\n\n\n<div style=\"height:26px\" aria-hidden=\"true\" class=\"wp-block-spacer\"><\/div>\n\n\n\n<div class=\"wp-block-columns\">\n<div class=\"wp-block-column\" style=\"flex-basis:20%\">\n<div class=\"wp-block-image\"><figure class=\"alignright size-large\"><img loading=\"lazy\" width=\"90\" height=\"111\" src=\"https:\/\/educacaointegral.org.br\/especiais\/educacao-integral-na-serra\/wp-content\/uploads\/sites\/5\/2021\/04\/icon-planeje-rosa.png\" alt=\"\" class=\"wp-image-45\"\/><\/figure><\/div>\n\n\n\n<p><\/p>\n<\/div>\n\n\n\n<div class=\"wp-block-column\">\n<p><strong>Etapa:<\/strong> \u00a0Educa\u00e7\u00e3o Infantil<\/p>\n\n\n\n<p><strong>Objetivos:<\/strong>&nbsp;<\/p>\n\n\n\n<ul><li>Trabalhar a identidade dos estudantes respeitando as diversidades.\u00a0<\/li><li>Dar oportunidade para que as crian\u00e7as narrem as suas experi\u00eancias com rela\u00e7\u00e3o a cultura de Serra.\u00a0<\/li><li>Valorizar o patrim\u00f4nio hist\u00f3rico-cultural do munic\u00edpio.\u00a0<\/li><li>Promover a intera\u00e7\u00e3o entre as crian\u00e7as, fam\u00edlias e escola.\u00a0<\/li><\/ul>\n\n\n\n<p><strong>Tempo sugerido para a atividade:<\/strong> 2 aulas<\/p>\n<\/div>\n<\/div>\n\n\n\n<hr class=\"wp-block-separator has-text-color has-background has-very-light-gray-background-color has-very-light-gray-color is-style-default\"\/>\n\n\n\n<div class=\"wp-block-columns\">\n<div class=\"wp-block-column\" style=\"flex-basis:20%\">\n<div class=\"wp-block-image\"><figure class=\"alignright size-large\"><img loading=\"lazy\" width=\"134\" height=\"120\" src=\"https:\/\/educacaointegral.org.br\/especiais\/educacao-integral-na-serra\/wp-content\/uploads\/sites\/5\/2021\/04\/icon-implemente-rosa.png\" alt=\"\" class=\"wp-image-46\"\/><\/figure><\/div>\n<\/div>\n\n\n\n<div class=\"wp-block-column\">\n<p><strong>Intencionalidades pedag\u00f3gicas:<\/strong> Compreender as diferen\u00e7as entre as diversas culturas, valorizando e respeitando suas peculiaridades. Compreender a cultura popular e valorizar o territ\u00f3rio de Serra.<strong> <\/strong>Identificar a produ\u00e7\u00e3o art\u00edstica da cultura capixaba, especialmente a serrana.\u00a0<\/p>\n\n\n\n<p><strong>Como acontece:<\/strong><em> <\/em>Em um primeiro momento o&nbsp; professor produz uma narrativa a partir da hist\u00f3ria do Chico Prego e da Lenda do P\u00e1ssaro de Fogo. Ap\u00f3s a narrativa, convida os estudantes a contarem as suas experi\u00eancias com as hist\u00f3rias do Chico Prego e com a lenda P\u00e1ssaro de Fogo. O&nbsp; professor&nbsp; faz o registro das narrativas das crian\u00e7as por meio de texto ou grava\u00e7\u00e3o.&nbsp;<\/p>\n\n\n\n<p>Em um segundo momento, o professor faz a leitura do livro \u201cMeu crespo \u00e9 de rainha\u201d e segue com a discuss\u00e3o sobre diversidade. A seguir os alunos s\u00e3o convidados a criar um desenho que represente a sua pr\u00f3pria identidade. Os desenhos ser\u00e3o compartilhados com todos ao final da aula.&nbsp;<\/p>\n<\/div>\n<\/div>\n\n\n\n<hr class=\"wp-block-separator has-text-color has-background has-very-light-gray-background-color has-very-light-gray-color is-style-default\"\/>\n\n\n\n<div class=\"wp-block-columns\">\n<div class=\"wp-block-column\" style=\"flex-basis:20%\">\n<div class=\"wp-block-image\"><figure class=\"alignright size-large\"><img loading=\"lazy\" width=\"137\" height=\"107\" src=\"https:\/\/educacaointegral.org.br\/especiais\/educacao-integral-na-serra\/wp-content\/uploads\/sites\/5\/2021\/04\/icon-fica-a-dica-rosa.png\" alt=\"\" class=\"wp-image-47\"\/><\/figure><\/div>\n<\/div>\n\n\n\n<div class=\"wp-block-column\">\n<ul><li>essa atividade pode ser realizada em condi\u00e7\u00e3o de distanciamento social;<\/li><li>voc\u00ea pode fotografar as produ\u00e7\u00f5es das crian\u00e7as e public\u00e1-las em um mural interativo na vers\u00e3o gratuita como Padlet (<a href=\"http:\/\/www.padlet.com\">www.padlet.com<\/a>);<\/li><li>voc\u00ea pode utilizar as tirinhas produzidas por Kiusan de Oliveira, \u201cO mundo de Tay\u00f3\u201d. Veja informa\u00e7\u00f5es sobre a autora e sua obra: <a href=\"https:\/\/labedu.org.br\/mundo-de-tayo-tirinhas-representatividade-cultura-negra\/\">https:\/\/labedu.org.br\/mundo-de-tayo-tirinhas-representatividade-cultura-negra\/<\/a>.<\/li><\/ul>\n\n\n\n<p><\/p>\n<\/div>\n<\/div>\n\n\n\n<p><\/p>\n","protected":false},"excerpt":{"rendered":"<p>Etapa: \u00a0Educa\u00e7\u00e3o Infantil Objetivos:&nbsp; Trabalhar a identidade dos estudantes respeitando as diversidades.\u00a0 Dar oportunidade para que as crian\u00e7as narrem as suas experi\u00eancias com rela\u00e7\u00e3o a cultura de Serra.\u00a0 Valorizar o patrim\u00f4nio hist\u00f3rico-cultural do munic\u00edpio.\u00a0 Promover a intera\u00e7\u00e3o entre as crian\u00e7as, fam\u00edlias e escola.\u00a0 Tempo sugerido para a atividade: 2 aulas Intencionalidades pedag\u00f3gicas: Compreender as diferen\u00e7as [&hellip;]<\/p>\n","protected":false},"author":1,"featured_media":0,"comment_status":"open","ping_status":"open","sticky":false,"template":"","format":"standard","meta":[],"categories":[3],"tags":[],"yoast_head":"<!-- This site is optimized with the Yoast SEO plugin v19.13 - https:\/\/yoast.com\/wordpress\/plugins\/seo\/ -->\n<title>A hist\u00f3ria do Chico Prego e a lenda do P\u00e1ssaro de Fogo - Educa\u00e7\u00e3o Integral na Serra<\/title>\n<meta name=\"robots\" content=\"index, follow, max-snippet:-1, max-image-preview:large, max-video-preview:-1\" \/>\n<link rel=\"canonical\" href=\"https:\/\/educacaointegral.org.br\/especiais\/educacao-integral-na-serra\/2021\/06\/21\/a-historia-do-chico-prego-e-a-lenda-do-passaro-de-fogo\/\" \/>\n<meta property=\"og:locale\" content=\"pt_BR\" \/>\n<meta property=\"og:type\" content=\"article\" \/>\n<meta property=\"og:title\" content=\"A hist\u00f3ria do Chico Prego e a lenda do P\u00e1ssaro de Fogo - Educa\u00e7\u00e3o Integral na Serra\" \/>\n<meta property=\"og:description\" content=\"Etapa: \u00a0Educa\u00e7\u00e3o Infantil Objetivos:&nbsp; Trabalhar a identidade dos estudantes respeitando as diversidades.\u00a0 Dar oportunidade para que as crian\u00e7as narrem as suas experi\u00eancias com rela\u00e7\u00e3o a cultura de Serra.\u00a0 Valorizar o patrim\u00f4nio hist\u00f3rico-cultural do munic\u00edpio.\u00a0 Promover a intera\u00e7\u00e3o entre as crian\u00e7as, fam\u00edlias e escola.\u00a0 Tempo sugerido para a atividade: 2 aulas Intencionalidades pedag\u00f3gicas: Compreender as diferen\u00e7as [&hellip;]\" \/>\n<meta property=\"og:url\" content=\"https:\/\/educacaointegral.org.br\/especiais\/educacao-integral-na-serra\/2021\/06\/21\/a-historia-do-chico-prego-e-a-lenda-do-passaro-de-fogo\/\" \/>\n<meta property=\"og:site_name\" content=\"Educa\u00e7\u00e3o Integral na Serra\" \/>\n<meta property=\"article:published_time\" content=\"2021-06-21T16:13:39+00:00\" \/>\n<meta property=\"article:modified_time\" content=\"2021-06-21T16:13:40+00:00\" \/>\n<meta property=\"og:image\" content=\"https:\/\/educacaointegral.org.br\/especiais\/educacao-integral-na-serra\/wp-content\/uploads\/sites\/5\/2021\/04\/icon-planeje-rosa.png\" \/>\n<meta name=\"author\" content=\"adminAprendiz\" \/>\n<meta name=\"twitter:card\" content=\"summary_large_image\" \/>\n<meta name=\"twitter:label1\" content=\"Escrito por\" \/>\n\t<meta name=\"twitter:data1\" content=\"adminAprendiz\" \/>\n\t<meta name=\"twitter:label2\" content=\"Est. tempo de leitura\" \/>\n\t<meta name=\"twitter:data2\" content=\"1 minuto\" \/>\n<script type=\"application\/ld+json\" class=\"yoast-schema-graph\">{\"@context\":\"https:\/\/schema.org\",\"@graph\":[{\"@type\":\"WebPage\",\"@id\":\"https:\/\/educacaointegral.org.br\/especiais\/educacao-integral-na-serra\/2021\/06\/21\/a-historia-do-chico-prego-e-a-lenda-do-passaro-de-fogo\/\",\"url\":\"https:\/\/educacaointegral.org.br\/especiais\/educacao-integral-na-serra\/2021\/06\/21\/a-historia-do-chico-prego-e-a-lenda-do-passaro-de-fogo\/\",\"name\":\"A hist\u00f3ria do Chico Prego e a lenda do P\u00e1ssaro de Fogo - Educa\u00e7\u00e3o Integral na Serra\",\"isPartOf\":{\"@id\":\"https:\/\/educacaointegral.org.br\/especiais\/educacao-integral-na-serra\/#website\"},\"datePublished\":\"2021-06-21T16:13:39+00:00\",\"dateModified\":\"2021-06-21T16:13:40+00:00\",\"author\":{\"@id\":\"https:\/\/educacaointegral.org.br\/especiais\/educacao-integral-na-serra\/#\/schema\/person\/a66e4367284eb709977eaceffea97678\"},\"breadcrumb\":{\"@id\":\"https:\/\/educacaointegral.org.br\/especiais\/educacao-integral-na-serra\/2021\/06\/21\/a-historia-do-chico-prego-e-a-lenda-do-passaro-de-fogo\/#breadcrumb\"},\"inLanguage\":\"pt-BR\",\"potentialAction\":[{\"@type\":\"ReadAction\",\"target\":[\"https:\/\/educacaointegral.org.br\/especiais\/educacao-integral-na-serra\/2021\/06\/21\/a-historia-do-chico-prego-e-a-lenda-do-passaro-de-fogo\/\"]}]},{\"@type\":\"BreadcrumbList\",\"@id\":\"https:\/\/educacaointegral.org.br\/especiais\/educacao-integral-na-serra\/2021\/06\/21\/a-historia-do-chico-prego-e-a-lenda-do-passaro-de-fogo\/#breadcrumb\",\"itemListElement\":[{\"@type\":\"ListItem\",\"position\":1,\"name\":\"In\u00edcio\",\"item\":\"https:\/\/educacaointegral.org.br\/especiais\/educacao-integral-na-serra\/\"},{\"@type\":\"ListItem\",\"position\":2,\"name\":\"A hist\u00f3ria do Chico Prego e a lenda do P\u00e1ssaro de Fogo\"}]},{\"@type\":\"WebSite\",\"@id\":\"https:\/\/educacaointegral.org.br\/especiais\/educacao-integral-na-serra\/#website\",\"url\":\"https:\/\/educacaointegral.org.br\/especiais\/educacao-integral-na-serra\/\",\"name\":\"Educa\u00e7\u00e3o Integral na Serra\",\"description\":\"Educa\u00e7\u00e3o Integral e Territ\u00f3rios Educativos nas Pr\u00e1ticas Pedag\u00f3gicas da rede municipal de ensino de Serra\",\"potentialAction\":[{\"@type\":\"SearchAction\",\"target\":{\"@type\":\"EntryPoint\",\"urlTemplate\":\"https:\/\/educacaointegral.org.br\/especiais\/educacao-integral-na-serra\/?s={search_term_string}\"},\"query-input\":\"required name=search_term_string\"}],\"inLanguage\":\"pt-BR\"},{\"@type\":\"Person\",\"@id\":\"https:\/\/educacaointegral.org.br\/especiais\/educacao-integral-na-serra\/#\/schema\/person\/a66e4367284eb709977eaceffea97678\",\"name\":\"adminAprendiz\",\"image\":{\"@type\":\"ImageObject\",\"inLanguage\":\"pt-BR\",\"@id\":\"https:\/\/educacaointegral.org.br\/especiais\/educacao-integral-na-serra\/#\/schema\/person\/image\/\",\"url\":\"https:\/\/secure.gravatar.com\/avatar\/2c1508892e383f1f83fa78473fbd7041?s=96&d=mm&r=g\",\"contentUrl\":\"https:\/\/secure.gravatar.com\/avatar\/2c1508892e383f1f83fa78473fbd7041?s=96&d=mm&r=g\",\"caption\":\"adminAprendiz\"},\"url\":\"https:\/\/educacaointegral.org.br\/especiais\/educacao-integral-na-serra\/author\/adminaprendiz\/\"}]}<\/script>\n<!-- \/ Yoast SEO plugin. -->","yoast_head_json":{"title":"A hist\u00f3ria do Chico Prego e a lenda do P\u00e1ssaro de Fogo - Educa\u00e7\u00e3o Integral na Serra","robots":{"index":"index","follow":"follow","max-snippet":"max-snippet:-1","max-image-preview":"max-image-preview:large","max-video-preview":"max-video-preview:-1"},"canonical":"https:\/\/educacaointegral.org.br\/especiais\/educacao-integral-na-serra\/2021\/06\/21\/a-historia-do-chico-prego-e-a-lenda-do-passaro-de-fogo\/","og_locale":"pt_BR","og_type":"article","og_title":"A hist\u00f3ria do Chico Prego e a lenda do P\u00e1ssaro de Fogo - Educa\u00e7\u00e3o Integral na Serra","og_description":"Etapa: \u00a0Educa\u00e7\u00e3o Infantil Objetivos:&nbsp; Trabalhar a identidade dos estudantes respeitando as diversidades.\u00a0 Dar oportunidade para que as crian\u00e7as narrem as suas experi\u00eancias com rela\u00e7\u00e3o a cultura de Serra.\u00a0 Valorizar o patrim\u00f4nio hist\u00f3rico-cultural do munic\u00edpio.\u00a0 Promover a intera\u00e7\u00e3o entre as crian\u00e7as, fam\u00edlias e escola.\u00a0 Tempo sugerido para a atividade: 2 aulas Intencionalidades pedag\u00f3gicas: Compreender as diferen\u00e7as [&hellip;]","og_url":"https:\/\/educacaointegral.org.br\/especiais\/educacao-integral-na-serra\/2021\/06\/21\/a-historia-do-chico-prego-e-a-lenda-do-passaro-de-fogo\/","og_site_name":"Educa\u00e7\u00e3o Integral na Serra","article_published_time":"2021-06-21T16:13:39+00:00","article_modified_time":"2021-06-21T16:13:40+00:00","og_image":[{"url":"https:\/\/educacaointegral.org.br\/especiais\/educacao-integral-na-serra\/wp-content\/uploads\/sites\/5\/2021\/04\/icon-planeje-rosa.png"}],"author":"adminAprendiz","twitter_card":"summary_large_image","twitter_misc":{"Escrito por":"adminAprendiz","Est. tempo de leitura":"1 minuto"},"schema":{"@context":"https:\/\/schema.org","@graph":[{"@type":"WebPage","@id":"https:\/\/educacaointegral.org.br\/especiais\/educacao-integral-na-serra\/2021\/06\/21\/a-historia-do-chico-prego-e-a-lenda-do-passaro-de-fogo\/","url":"https:\/\/educacaointegral.org.br\/especiais\/educacao-integral-na-serra\/2021\/06\/21\/a-historia-do-chico-prego-e-a-lenda-do-passaro-de-fogo\/","name":"A hist\u00f3ria do Chico Prego e a lenda do P\u00e1ssaro de Fogo - Educa\u00e7\u00e3o Integral na Serra","isPartOf":{"@id":"https:\/\/educacaointegral.org.br\/especiais\/educacao-integral-na-serra\/#website"},"datePublished":"2021-06-21T16:13:39+00:00","dateModified":"2021-06-21T16:13:40+00:00","author":{"@id":"https:\/\/educacaointegral.org.br\/especiais\/educacao-integral-na-serra\/#\/schema\/person\/a66e4367284eb709977eaceffea97678"},"breadcrumb":{"@id":"https:\/\/educacaointegral.org.br\/especiais\/educacao-integral-na-serra\/2021\/06\/21\/a-historia-do-chico-prego-e-a-lenda-do-passaro-de-fogo\/#breadcrumb"},"inLanguage":"pt-BR","potentialAction":[{"@type":"ReadAction","target":["https:\/\/educacaointegral.org.br\/especiais\/educacao-integral-na-serra\/2021\/06\/21\/a-historia-do-chico-prego-e-a-lenda-do-passaro-de-fogo\/"]}]},{"@type":"BreadcrumbList","@id":"https:\/\/educacaointegral.org.br\/especiais\/educacao-integral-na-serra\/2021\/06\/21\/a-historia-do-chico-prego-e-a-lenda-do-passaro-de-fogo\/#breadcrumb","itemListElement":[{"@type":"ListItem","position":1,"name":"In\u00edcio","item":"https:\/\/educacaointegral.org.br\/especiais\/educacao-integral-na-serra\/"},{"@type":"ListItem","position":2,"name":"A hist\u00f3ria do Chico Prego e a lenda do P\u00e1ssaro de Fogo"}]},{"@type":"WebSite","@id":"https:\/\/educacaointegral.org.br\/especiais\/educacao-integral-na-serra\/#website","url":"https:\/\/educacaointegral.org.br\/especiais\/educacao-integral-na-serra\/","name":"Educa\u00e7\u00e3o Integral na Serra","description":"Educa\u00e7\u00e3o Integral e Territ\u00f3rios Educativos nas Pr\u00e1ticas Pedag\u00f3gicas da rede municipal de ensino de Serra","potentialAction":[{"@type":"SearchAction","target":{"@type":"EntryPoint","urlTemplate":"https:\/\/educacaointegral.org.br\/especiais\/educacao-integral-na-serra\/?s={search_term_string}"},"query-input":"required name=search_term_string"}],"inLanguage":"pt-BR"},{"@type":"Person","@id":"https:\/\/educacaointegral.org.br\/especiais\/educacao-integral-na-serra\/#\/schema\/person\/a66e4367284eb709977eaceffea97678","name":"adminAprendiz","image":{"@type":"ImageObject","inLanguage":"pt-BR","@id":"https:\/\/educacaointegral.org.br\/especiais\/educacao-integral-na-serra\/#\/schema\/person\/image\/","url":"https:\/\/secure.gravatar.com\/avatar\/2c1508892e383f1f83fa78473fbd7041?s=96&d=mm&r=g","contentUrl":"https:\/\/secure.gravatar.com\/avatar\/2c1508892e383f1f83fa78473fbd7041?s=96&d=mm&r=g","caption":"adminAprendiz"},"url":"https:\/\/educacaointegral.org.br\/especiais\/educacao-integral-na-serra\/author\/adminaprendiz\/"}]}},"_links":{"self":[{"href":"https:\/\/educacaointegral.org.br\/especiais\/educacao-integral-na-serra\/wp-json\/wp\/v2\/posts\/89"}],"collection":[{"href":"https:\/\/educacaointegral.org.br\/especiais\/educacao-integral-na-serra\/wp-json\/wp\/v2\/posts"}],"about":[{"href":"https:\/\/educacaointegral.org.br\/especiais\/educacao-integral-na-serra\/wp-json\/wp\/v2\/types\/post"}],"author":[{"embeddable":true,"href":"https:\/\/educacaointegral.org.br\/especiais\/educacao-integral-na-serra\/wp-json\/wp\/v2\/users\/1"}],"replies":[{"embeddable":true,"href":"https:\/\/educacaointegral.org.br\/especiais\/educacao-integral-na-serra\/wp-json\/wp\/v2\/comments?post=89"}],"version-history":[{"count":1,"href":"https:\/\/educacaointegral.org.br\/especiais\/educacao-integral-na-serra\/wp-json\/wp\/v2\/posts\/89\/revisions"}],"predecessor-version":[{"id":90,"href":"https:\/\/educacaointegral.org.br\/especiais\/educacao-integral-na-serra\/wp-json\/wp\/v2\/posts\/89\/revisions\/90"}],"wp:attachment":[{"href":"https:\/\/educacaointegral.org.br\/especiais\/educacao-integral-na-serra\/wp-json\/wp\/v2\/media?parent=89"}],"wp:term":[{"taxonomy":"category","embeddable":true,"href":"https:\/\/educacaointegral.org.br\/especiais\/educacao-integral-na-serra\/wp-json\/wp\/v2\/categories?post=89"},{"taxonomy":"post_tag","embeddable":true,"href":"https:\/\/educacaointegral.org.br\/especiais\/educacao-integral-na-serra\/wp-json\/wp\/v2\/tags?post=89"}],"curies":[{"name":"wp","href":"https:\/\/api.w.org\/{rel}","templated":true}]}}