{"id":85,"date":"2021-06-21T13:09:49","date_gmt":"2021-06-21T16:09:49","guid":{"rendered":"https:\/\/educacaointegral.org.br\/especiais\/educacao-integral-na-serra\/?p=85"},"modified":"2021-06-21T13:15:05","modified_gmt":"2021-06-21T16:15:05","slug":"gosto-muito-do-que-vejo","status":"publish","type":"post","link":"https:\/\/educacaointegral.org.br\/especiais\/educacao-integral-na-serra\/2021\/06\/21\/gosto-muito-do-que-vejo\/","title":{"rendered":"Gosto muito do que vejo"},"content":{"rendered":"\n<div class=\"wp-container-1 wp-block-buttons alignright is-content-justification-right\">\n<div class=\"wp-block-button btn-baixe\"><a class=\"wp-block-button__link has-background\" style=\"background-color:#c33761;border-radius:46px\">Baixe essa pr\u00e1tica<\/a><\/div>\n<\/div>\n\n\n\n<div style=\"height:26px\" aria-hidden=\"true\" class=\"wp-block-spacer\"><\/div>\n\n\n\n<div class=\"wp-block-columns\">\n<div class=\"wp-block-column\" style=\"flex-basis:20%\">\n<div class=\"wp-block-image\"><figure class=\"alignright size-large\"><img loading=\"lazy\" width=\"90\" height=\"111\" src=\"https:\/\/educacaointegral.org.br\/especiais\/educacao-integral-na-serra\/wp-content\/uploads\/sites\/5\/2021\/04\/icon-planeje-rosa.png\" alt=\"\" class=\"wp-image-45\"\/><\/figure><\/div>\n\n\n\n<p><\/p>\n<\/div>\n\n\n\n<div class=\"wp-block-column\">\n<p><strong>Etapa:<\/strong> &nbsp;Ensino Fundamental I \u2013 anos iniciais<\/p>\n\n\n\n<p><strong>Objetivos:<\/strong>&nbsp;<\/p>\n\n\n\n<ul><li>Aprender a lidar com as emo\u00e7\u00f5es.&nbsp;<\/li><li>Fortalecer a autoestima e desenvolver habilidades de express\u00e3o e comunica\u00e7\u00e3o atrav\u00e9s da cultura afro-descendentes.<\/li><\/ul>\n<\/div>\n<\/div>\n\n\n\n<hr class=\"wp-block-separator has-text-color has-background has-very-light-gray-background-color has-very-light-gray-color is-style-default\"\/>\n\n\n\n<div class=\"wp-block-columns\">\n<div class=\"wp-block-column\" style=\"flex-basis:20%\">\n<div class=\"wp-block-image\"><figure class=\"alignright size-large\"><img loading=\"lazy\" width=\"134\" height=\"120\" src=\"https:\/\/educacaointegral.org.br\/especiais\/educacao-integral-na-serra\/wp-content\/uploads\/sites\/5\/2021\/04\/icon-implemente-rosa.png\" alt=\"\" class=\"wp-image-46\"\/><\/figure><\/div>\n<\/div>\n\n\n\n<div class=\"wp-block-column\">\n<p><strong>Intencionalidades pedag\u00f3gicas:<\/strong> Adequa\u00e7\u00e3o ao<strong> <\/strong>contexto atual envolvendo cultura digital e realidade dos educandos. Diversidade de metodologias, instrumentos e procedimentos de ensino. Fortalecimento de v\u00ednculos entre os saberes nos contextos social e cultural. Compartilhar os sentimentos e encorajar a autoestima das crian\u00e7as.<\/p>\n\n\n\n<p><strong>Como fazer<\/strong>: No primeiro encontro o\u00a0 professor far\u00e1 a leitura do livro infantil \u201cAmoras\u201d do autor Emicida. Ap\u00f3s a leitura do livro, o professor apresentar\u00e1 uma das tirinhas \u201cMundo de Tay\u00f3\u201d de autoria de Kiusam de Oliveira. Na tirinha, Tay\u00f3 se contempla no espelho e diz coisas boas para si mesmo.<\/p>\n\n\n\n<p>No segundo encontro, as crian\u00e7as s\u00e3o convidadas a criar um figurino inspirado na personagem Tay\u00f3 e desenhar ou escrever (caso a crian\u00e7a seja alfabetizada) os seus desejos para aquele momento. As crian\u00e7as, com a ajuda da fam\u00edlia, podem produzir pequenos v\u00eddeos com as suas vestimentas e produ\u00e7\u00f5es visuais ou narrativas. O&nbsp; professor&nbsp; acessa as grava\u00e7\u00f5es e produz um v\u00eddeo com todas as crian\u00e7as que poder\u00e1 ser compartilhado com as fam\u00edlias.<\/p>\n<\/div>\n<\/div>\n\n\n\n<hr class=\"wp-block-separator has-text-color has-background has-very-light-gray-background-color has-very-light-gray-color is-style-default\"\/>\n\n\n\n<div class=\"wp-block-columns\">\n<div class=\"wp-block-column\" style=\"flex-basis:20%\">\n<div class=\"wp-block-image\"><figure class=\"alignright size-large\"><img loading=\"lazy\" width=\"137\" height=\"107\" src=\"https:\/\/educacaointegral.org.br\/especiais\/educacao-integral-na-serra\/wp-content\/uploads\/sites\/5\/2021\/04\/icon-fica-a-dica-rosa.png\" alt=\"\" class=\"wp-image-47\"\/><\/figure><\/div>\n<\/div>\n\n\n\n<div class=\"wp-block-column\">\n<ul><li>essa atividade poder\u00e1 ser realizada em contexto de isolamento social;<\/li><li>voc\u00ea pode complementar a atividade apresentando a vers\u00e3o animada do livro Amoras do autor Emicida. Acesse: <a href=\"https:\/\/www.youtube.com\/watch?v=Avt7s8XgDjs\">https:\/\/www.youtube.com\/watch?v=Avt7s8XgDjs<\/a>;\u00a0<\/li><li>pode, tamb\u00e9m, apresentar um v\u00eddeo da autora Kiusam de Oliveira contando a hist\u00f3ria \u201cO Black Power de Akin\u201d. Acesse: <a href=\"https:\/\/www.youtube.com\/watch?v=7Skvay0QWV4\">https:\/\/www.youtube.com\/watch?v=7Skvay0QWV4<\/a>;<\/li><li>para voc\u00ea professor (a), sugerimos um v\u00eddeo da professora Kiusam de Oliveira, docente da Universidade Federal do Esp\u00edrito Santo, o qual trata da educa\u00e7\u00e3o antirracista nas escolas. Acesse: <a href=\"https:\/\/www.youtube.com\/watch?v=FQqRY4NUxTg\">https:\/\/www.youtube.com\/watch?v=FQqRY4NUxTg<\/a>.<\/li><\/ul>\n\n\n\n<p><\/p>\n<\/div>\n<\/div>\n\n\n\n<p><\/p>\n","protected":false},"excerpt":{"rendered":"<p>Etapa: &nbsp;Ensino Fundamental I \u2013 anos iniciais Objetivos:&nbsp; Aprender a lidar com as emo\u00e7\u00f5es.&nbsp; Fortalecer a autoestima e desenvolver habilidades de express\u00e3o e comunica\u00e7\u00e3o atrav\u00e9s da cultura afro-descendentes. Intencionalidades pedag\u00f3gicas: Adequa\u00e7\u00e3o ao contexto atual envolvendo cultura digital e realidade dos educandos. Diversidade de metodologias, instrumentos e procedimentos de ensino. Fortalecimento de v\u00ednculos entre os saberes [&hellip;]<\/p>\n","protected":false},"author":1,"featured_media":0,"comment_status":"open","ping_status":"open","sticky":false,"template":"","format":"standard","meta":[],"categories":[3],"tags":[],"yoast_head":"<!-- This site is optimized with the Yoast SEO plugin v19.13 - https:\/\/yoast.com\/wordpress\/plugins\/seo\/ -->\n<title>Gosto muito do que vejo - Educa\u00e7\u00e3o Integral na Serra<\/title>\n<meta name=\"robots\" content=\"index, follow, max-snippet:-1, max-image-preview:large, max-video-preview:-1\" \/>\n<link rel=\"canonical\" href=\"https:\/\/educacaointegral.org.br\/especiais\/educacao-integral-na-serra\/2021\/06\/21\/gosto-muito-do-que-vejo\/\" \/>\n<meta property=\"og:locale\" content=\"pt_BR\" \/>\n<meta property=\"og:type\" content=\"article\" \/>\n<meta property=\"og:title\" content=\"Gosto muito do que vejo - Educa\u00e7\u00e3o Integral na Serra\" \/>\n<meta property=\"og:description\" content=\"Etapa: &nbsp;Ensino Fundamental I \u2013 anos iniciais Objetivos:&nbsp; Aprender a lidar com as emo\u00e7\u00f5es.&nbsp; Fortalecer a autoestima e desenvolver habilidades de express\u00e3o e comunica\u00e7\u00e3o atrav\u00e9s da cultura afro-descendentes. Intencionalidades pedag\u00f3gicas: Adequa\u00e7\u00e3o ao contexto atual envolvendo cultura digital e realidade dos educandos. Diversidade de metodologias, instrumentos e procedimentos de ensino. Fortalecimento de v\u00ednculos entre os saberes [&hellip;]\" \/>\n<meta property=\"og:url\" content=\"https:\/\/educacaointegral.org.br\/especiais\/educacao-integral-na-serra\/2021\/06\/21\/gosto-muito-do-que-vejo\/\" \/>\n<meta property=\"og:site_name\" content=\"Educa\u00e7\u00e3o Integral na Serra\" \/>\n<meta property=\"article:published_time\" content=\"2021-06-21T16:09:49+00:00\" \/>\n<meta property=\"article:modified_time\" content=\"2021-06-21T16:15:05+00:00\" \/>\n<meta property=\"og:image\" content=\"https:\/\/educacaointegral.org.br\/especiais\/educacao-integral-na-serra\/wp-content\/uploads\/sites\/5\/2021\/04\/icon-planeje-rosa.png\" \/>\n<meta name=\"author\" content=\"adminAprendiz\" \/>\n<meta name=\"twitter:card\" content=\"summary_large_image\" \/>\n<meta name=\"twitter:label1\" content=\"Escrito por\" \/>\n\t<meta name=\"twitter:data1\" content=\"adminAprendiz\" \/>\n\t<meta name=\"twitter:label2\" content=\"Est. tempo de leitura\" \/>\n\t<meta name=\"twitter:data2\" content=\"2 minutos\" \/>\n<script type=\"application\/ld+json\" class=\"yoast-schema-graph\">{\"@context\":\"https:\/\/schema.org\",\"@graph\":[{\"@type\":\"WebPage\",\"@id\":\"https:\/\/educacaointegral.org.br\/especiais\/educacao-integral-na-serra\/2021\/06\/21\/gosto-muito-do-que-vejo\/\",\"url\":\"https:\/\/educacaointegral.org.br\/especiais\/educacao-integral-na-serra\/2021\/06\/21\/gosto-muito-do-que-vejo\/\",\"name\":\"Gosto muito do que vejo - Educa\u00e7\u00e3o Integral na Serra\",\"isPartOf\":{\"@id\":\"https:\/\/educacaointegral.org.br\/especiais\/educacao-integral-na-serra\/#website\"},\"datePublished\":\"2021-06-21T16:09:49+00:00\",\"dateModified\":\"2021-06-21T16:15:05+00:00\",\"author\":{\"@id\":\"https:\/\/educacaointegral.org.br\/especiais\/educacao-integral-na-serra\/#\/schema\/person\/a66e4367284eb709977eaceffea97678\"},\"breadcrumb\":{\"@id\":\"https:\/\/educacaointegral.org.br\/especiais\/educacao-integral-na-serra\/2021\/06\/21\/gosto-muito-do-que-vejo\/#breadcrumb\"},\"inLanguage\":\"pt-BR\",\"potentialAction\":[{\"@type\":\"ReadAction\",\"target\":[\"https:\/\/educacaointegral.org.br\/especiais\/educacao-integral-na-serra\/2021\/06\/21\/gosto-muito-do-que-vejo\/\"]}]},{\"@type\":\"BreadcrumbList\",\"@id\":\"https:\/\/educacaointegral.org.br\/especiais\/educacao-integral-na-serra\/2021\/06\/21\/gosto-muito-do-que-vejo\/#breadcrumb\",\"itemListElement\":[{\"@type\":\"ListItem\",\"position\":1,\"name\":\"In\u00edcio\",\"item\":\"https:\/\/educacaointegral.org.br\/especiais\/educacao-integral-na-serra\/\"},{\"@type\":\"ListItem\",\"position\":2,\"name\":\"Gosto muito do que vejo\"}]},{\"@type\":\"WebSite\",\"@id\":\"https:\/\/educacaointegral.org.br\/especiais\/educacao-integral-na-serra\/#website\",\"url\":\"https:\/\/educacaointegral.org.br\/especiais\/educacao-integral-na-serra\/\",\"name\":\"Educa\u00e7\u00e3o Integral na Serra\",\"description\":\"Educa\u00e7\u00e3o Integral e Territ\u00f3rios Educativos nas Pr\u00e1ticas Pedag\u00f3gicas da rede municipal de ensino de Serra\",\"potentialAction\":[{\"@type\":\"SearchAction\",\"target\":{\"@type\":\"EntryPoint\",\"urlTemplate\":\"https:\/\/educacaointegral.org.br\/especiais\/educacao-integral-na-serra\/?s={search_term_string}\"},\"query-input\":\"required name=search_term_string\"}],\"inLanguage\":\"pt-BR\"},{\"@type\":\"Person\",\"@id\":\"https:\/\/educacaointegral.org.br\/especiais\/educacao-integral-na-serra\/#\/schema\/person\/a66e4367284eb709977eaceffea97678\",\"name\":\"adminAprendiz\",\"image\":{\"@type\":\"ImageObject\",\"inLanguage\":\"pt-BR\",\"@id\":\"https:\/\/educacaointegral.org.br\/especiais\/educacao-integral-na-serra\/#\/schema\/person\/image\/\",\"url\":\"https:\/\/secure.gravatar.com\/avatar\/2c1508892e383f1f83fa78473fbd7041?s=96&d=mm&r=g\",\"contentUrl\":\"https:\/\/secure.gravatar.com\/avatar\/2c1508892e383f1f83fa78473fbd7041?s=96&d=mm&r=g\",\"caption\":\"adminAprendiz\"},\"url\":\"https:\/\/educacaointegral.org.br\/especiais\/educacao-integral-na-serra\/author\/adminaprendiz\/\"}]}<\/script>\n<!-- \/ Yoast SEO plugin. -->","yoast_head_json":{"title":"Gosto muito do que vejo - Educa\u00e7\u00e3o Integral na Serra","robots":{"index":"index","follow":"follow","max-snippet":"max-snippet:-1","max-image-preview":"max-image-preview:large","max-video-preview":"max-video-preview:-1"},"canonical":"https:\/\/educacaointegral.org.br\/especiais\/educacao-integral-na-serra\/2021\/06\/21\/gosto-muito-do-que-vejo\/","og_locale":"pt_BR","og_type":"article","og_title":"Gosto muito do que vejo - Educa\u00e7\u00e3o Integral na Serra","og_description":"Etapa: &nbsp;Ensino Fundamental I \u2013 anos iniciais Objetivos:&nbsp; Aprender a lidar com as emo\u00e7\u00f5es.&nbsp; Fortalecer a autoestima e desenvolver habilidades de express\u00e3o e comunica\u00e7\u00e3o atrav\u00e9s da cultura afro-descendentes. Intencionalidades pedag\u00f3gicas: Adequa\u00e7\u00e3o ao contexto atual envolvendo cultura digital e realidade dos educandos. Diversidade de metodologias, instrumentos e procedimentos de ensino. Fortalecimento de v\u00ednculos entre os saberes [&hellip;]","og_url":"https:\/\/educacaointegral.org.br\/especiais\/educacao-integral-na-serra\/2021\/06\/21\/gosto-muito-do-que-vejo\/","og_site_name":"Educa\u00e7\u00e3o Integral na Serra","article_published_time":"2021-06-21T16:09:49+00:00","article_modified_time":"2021-06-21T16:15:05+00:00","og_image":[{"url":"https:\/\/educacaointegral.org.br\/especiais\/educacao-integral-na-serra\/wp-content\/uploads\/sites\/5\/2021\/04\/icon-planeje-rosa.png"}],"author":"adminAprendiz","twitter_card":"summary_large_image","twitter_misc":{"Escrito por":"adminAprendiz","Est. tempo de leitura":"2 minutos"},"schema":{"@context":"https:\/\/schema.org","@graph":[{"@type":"WebPage","@id":"https:\/\/educacaointegral.org.br\/especiais\/educacao-integral-na-serra\/2021\/06\/21\/gosto-muito-do-que-vejo\/","url":"https:\/\/educacaointegral.org.br\/especiais\/educacao-integral-na-serra\/2021\/06\/21\/gosto-muito-do-que-vejo\/","name":"Gosto muito do que vejo - Educa\u00e7\u00e3o Integral na Serra","isPartOf":{"@id":"https:\/\/educacaointegral.org.br\/especiais\/educacao-integral-na-serra\/#website"},"datePublished":"2021-06-21T16:09:49+00:00","dateModified":"2021-06-21T16:15:05+00:00","author":{"@id":"https:\/\/educacaointegral.org.br\/especiais\/educacao-integral-na-serra\/#\/schema\/person\/a66e4367284eb709977eaceffea97678"},"breadcrumb":{"@id":"https:\/\/educacaointegral.org.br\/especiais\/educacao-integral-na-serra\/2021\/06\/21\/gosto-muito-do-que-vejo\/#breadcrumb"},"inLanguage":"pt-BR","potentialAction":[{"@type":"ReadAction","target":["https:\/\/educacaointegral.org.br\/especiais\/educacao-integral-na-serra\/2021\/06\/21\/gosto-muito-do-que-vejo\/"]}]},{"@type":"BreadcrumbList","@id":"https:\/\/educacaointegral.org.br\/especiais\/educacao-integral-na-serra\/2021\/06\/21\/gosto-muito-do-que-vejo\/#breadcrumb","itemListElement":[{"@type":"ListItem","position":1,"name":"In\u00edcio","item":"https:\/\/educacaointegral.org.br\/especiais\/educacao-integral-na-serra\/"},{"@type":"ListItem","position":2,"name":"Gosto muito do que vejo"}]},{"@type":"WebSite","@id":"https:\/\/educacaointegral.org.br\/especiais\/educacao-integral-na-serra\/#website","url":"https:\/\/educacaointegral.org.br\/especiais\/educacao-integral-na-serra\/","name":"Educa\u00e7\u00e3o Integral na Serra","description":"Educa\u00e7\u00e3o Integral e Territ\u00f3rios Educativos nas Pr\u00e1ticas Pedag\u00f3gicas da rede municipal de ensino de Serra","potentialAction":[{"@type":"SearchAction","target":{"@type":"EntryPoint","urlTemplate":"https:\/\/educacaointegral.org.br\/especiais\/educacao-integral-na-serra\/?s={search_term_string}"},"query-input":"required name=search_term_string"}],"inLanguage":"pt-BR"},{"@type":"Person","@id":"https:\/\/educacaointegral.org.br\/especiais\/educacao-integral-na-serra\/#\/schema\/person\/a66e4367284eb709977eaceffea97678","name":"adminAprendiz","image":{"@type":"ImageObject","inLanguage":"pt-BR","@id":"https:\/\/educacaointegral.org.br\/especiais\/educacao-integral-na-serra\/#\/schema\/person\/image\/","url":"https:\/\/secure.gravatar.com\/avatar\/2c1508892e383f1f83fa78473fbd7041?s=96&d=mm&r=g","contentUrl":"https:\/\/secure.gravatar.com\/avatar\/2c1508892e383f1f83fa78473fbd7041?s=96&d=mm&r=g","caption":"adminAprendiz"},"url":"https:\/\/educacaointegral.org.br\/especiais\/educacao-integral-na-serra\/author\/adminaprendiz\/"}]}},"_links":{"self":[{"href":"https:\/\/educacaointegral.org.br\/especiais\/educacao-integral-na-serra\/wp-json\/wp\/v2\/posts\/85"}],"collection":[{"href":"https:\/\/educacaointegral.org.br\/especiais\/educacao-integral-na-serra\/wp-json\/wp\/v2\/posts"}],"about":[{"href":"https:\/\/educacaointegral.org.br\/especiais\/educacao-integral-na-serra\/wp-json\/wp\/v2\/types\/post"}],"author":[{"embeddable":true,"href":"https:\/\/educacaointegral.org.br\/especiais\/educacao-integral-na-serra\/wp-json\/wp\/v2\/users\/1"}],"replies":[{"embeddable":true,"href":"https:\/\/educacaointegral.org.br\/especiais\/educacao-integral-na-serra\/wp-json\/wp\/v2\/comments?post=85"}],"version-history":[{"count":2,"href":"https:\/\/educacaointegral.org.br\/especiais\/educacao-integral-na-serra\/wp-json\/wp\/v2\/posts\/85\/revisions"}],"predecessor-version":[{"id":91,"href":"https:\/\/educacaointegral.org.br\/especiais\/educacao-integral-na-serra\/wp-json\/wp\/v2\/posts\/85\/revisions\/91"}],"wp:attachment":[{"href":"https:\/\/educacaointegral.org.br\/especiais\/educacao-integral-na-serra\/wp-json\/wp\/v2\/media?parent=85"}],"wp:term":[{"taxonomy":"category","embeddable":true,"href":"https:\/\/educacaointegral.org.br\/especiais\/educacao-integral-na-serra\/wp-json\/wp\/v2\/categories?post=85"},{"taxonomy":"post_tag","embeddable":true,"href":"https:\/\/educacaointegral.org.br\/especiais\/educacao-integral-na-serra\/wp-json\/wp\/v2\/tags?post=85"}],"curies":[{"name":"wp","href":"https:\/\/api.w.org\/{rel}","templated":true}]}}