{"id":77,"date":"2021-04-30T14:40:22","date_gmt":"2021-04-30T17:40:22","guid":{"rendered":"https:\/\/educacaointegral.org.br\/especiais\/educacao-integral-na-serra\/?p=77"},"modified":"2021-04-30T14:41:54","modified_gmt":"2021-04-30T17:41:54","slug":"historias-da-serra","status":"publish","type":"post","link":"https:\/\/educacaointegral.org.br\/especiais\/educacao-integral-na-serra\/2021\/04\/30\/historias-da-serra\/","title":{"rendered":"Hist\u00f3rias da Serra"},"content":{"rendered":"\n<div class=\"wp-container-1 wp-block-buttons alignright is-content-justification-right\">\n<div class=\"wp-block-button btn-baixe\"><a class=\"wp-block-button__link has-background\" style=\"background-color:#00a2a8;border-radius:46px\">Baixe essa pr\u00e1tica<\/a><\/div>\n<\/div>\n\n\n\n<div style=\"height:26px\" aria-hidden=\"true\" class=\"wp-block-spacer\"><\/div>\n\n\n\n<div class=\"wp-block-columns\">\n<div class=\"wp-block-column\" style=\"flex-basis:20%\">\n<div class=\"wp-block-image\"><figure class=\"alignright size-large\"><img loading=\"lazy\" width=\"92\" height=\"113\" src=\"https:\/\/educacaointegral.org.br\/especiais\/educacao-integral-na-serra\/wp-content\/uploads\/sites\/5\/2021\/04\/icon-planeje-verde.png\" alt=\"\" class=\"wp-image-42\"\/><\/figure><\/div>\n\n\n\n<p><\/p>\n<\/div>\n\n\n\n<div class=\"wp-block-column\">\n<p><strong>Etapa:<\/strong> &nbsp;Educa\u00e7\u00e3o Infantil<\/p>\n\n\n\n<p><strong>Objetivos:<\/strong>&nbsp;<\/p>\n\n\n\n<ul><li>Despertar nos educandos o interesse pela hist\u00f3ria da cidade da Serra (ES), lugar onde vivem, valorizando suas ra\u00edzes, resgatando mem\u00f3ria, cultura e tradi\u00e7\u00e3o local.\u00a0<\/li><li>Reconhecer e valorizar costumes locais, bem como cren\u00e7as e festividades art\u00edsticas e religiosas.<\/li><\/ul>\n\n\n\n<p><strong><strong>Tempo para a atividade<\/strong>:<\/strong>  1 semana de aulas<\/p>\n<\/div>\n<\/div>\n\n\n\n<hr class=\"wp-block-separator has-text-color has-background has-very-light-gray-background-color has-very-light-gray-color is-style-default\"\/>\n\n\n\n<div class=\"wp-block-columns\">\n<div class=\"wp-block-column\" style=\"flex-basis:20%\">\n<div class=\"wp-block-image\"><figure class=\"alignright size-large\"><img loading=\"lazy\" width=\"141\" height=\"120\" src=\"https:\/\/educacaointegral.org.br\/especiais\/educacao-integral-na-serra\/wp-content\/uploads\/sites\/5\/2021\/04\/icon-implemente-verde.png\" alt=\"\" class=\"wp-image-43\"\/><\/figure><\/div>\n<\/div>\n\n\n\n<div class=\"wp-block-column\">\n<p><strong>Intencionalidades pedag\u00f3gicas:<\/strong> Atrav\u00e9s da realiza\u00e7\u00e3o de atividades usando recursos variados e pesquisas sobre o munic\u00edpio da Serra por meio de mapa regional do munic\u00edpio, poesias, textos, imagens, entre outros recursos da internet, oferecer possibilidades para que as crian\u00e7as conhe\u00e7am e valorizem a hist\u00f3ria local. Assim, s\u00e3o intencionalidades desta proposta:&nbsp;<\/p>\n\n\n\n<ul><li>Brincar com diferentes parceiros e envolver-se em variadas brincadeiras, como as explorat\u00f3rias, as de constru\u00e7\u00e3o, as tradicionais, as de faz-de-conta e os jogos de regras, de modo a construir o sentido do singular e do coletivo, da autonomia e da solidariedade;<\/li><li>Explorar materiais, brinquedos, objetos, ambientes, entorno f\u00edsico e social, identificando suas potencialidades, limites, interesses e desenvolver sua sensibilidade em rela\u00e7\u00e3o aos sentimentos, \u00e0s necessidades e \u00e0s ideias dos outros com quem interage;<\/li><li>Participar ativamente das situa\u00e7\u00f5es do cotidiano, tanto daquelas ligadas ao cuidado de si e do ambiente, como das relativas \u00e0s atividades propostas pelo\/a professor\/a, aprendendo a respeitar os ritmos, os interesses e os desejos das outras crian\u00e7as;\u00a0<\/li><li>Conhecer-se e construir uma identidade pessoal e cultural de modo a constituir uma vis\u00e3o positiva de si e dos outros com quem convive, valorizando suas pr\u00f3prias caracter\u00edsticas e as das outras crian\u00e7as e adultos, superando vis\u00f5es racistas e discriminat\u00f3rias.<\/li><\/ul>\n\n\n\n<p><strong>Como acontece:<\/strong> Primeiramente conte a hist\u00f3ria capixaba &#8220;A lenda do P\u00e1ssaro de Fogo&#8221;:<\/p>\n\n\n\n<p class=\"has-background has-luminous-vivid-orange-background-color\">[[[[[[[ imagem ]]]]]]<\/p>\n\n\n\n<p>Depois de apresentar a lenda para a crian\u00e7a, converse sobre o que mais lhe chamou a aten\u00e7\u00e3o. Em seguida, pe\u00e7a para que fa\u00e7a um desenho do p\u00e1ssaro de fogo em qualquer papel dispon\u00edvel em casa.&nbsp;<\/p>\n\n\n\n<p>Na sequ\u00eancia, apresente informa\u00e7\u00f5es sobre a hist\u00f3ria da Serra. \u00c9 poss\u00edvel acessar informa\u00e7\u00f5es locais na narra\u00e7\u00e3o de Cl\u00e9rio Jos\u00e9 Borges, historiador local, dispon\u00edvel em <a href=\"https:\/\/www.youtube.com\/watch?v=iS4ZFqm5s0c\" target=\"_blank\" rel=\"noreferrer noopener\">https:\/\/www.youtube.com\/watch?v=iS4ZFqm5s0c<\/a> Ap\u00f3s a hist\u00f3ria, converse sobre os pontos tur\u00edsticos da Serra, destacando os parques, comidas t\u00edpicas e festividades. Converse com a crian\u00e7a sobre a import\u00e2ncia de se pertencer a uma comunidade, cultura e costumes locais. Em seguida, localizar junto com a crian\u00e7a, no mapa, a regi\u00e3o onde moram. Tamb\u00e9m podem localizar as regi\u00f5es de praias, shoppings, o monte do Mestre \u00c1lvaro, entre outros. O mapa atualizado da Serra (ES) pode ser encontrado em <a href=\"https:\/\/mapas.serra.es.gov.br\/civitasGeoPortal\/\" target=\"_blank\" rel=\"noreferrer noopener\">https:\/\/mapas.serra.es.gov.br\/civitasGeoPortal\/<\/a>\u00a0<\/p>\n\n\n\n<p>Para finalizar, realize a leitura da poesia \u201cSerra\u201d, de Cl\u00e9rio Jos\u00e9 Borges:<\/p>\n\n\n\n<blockquote class=\"wp-block-quote is-style-default\"><p><em>SERRA, MUNIC\u00cdPIO ONDE A NATUREZA,<br>EM FORMA INFINITAS TODO DIA,<br>MOSTRA ENCANTO EM INEBRIANTE BELEZA,<br>FORMANDO TERRA DE INTENSA MAGIA.<\/em><\/p><p><em>NESTA TERRA A SUA MELHOR RIQUEZA<br>\u00c9 O SEU POVO TRABALHADOR QUE CRIA<br>ESPERAN\u00c7A DE UMA GRANDE CERTEZA<br>DE QUE AQUI S\u00d3 HAVER\u00c1 PAZ E ALEGRIA,<\/em><\/p><p><em>SERRA DO MESTRE \u00c1LVARO T\u00c3O IMPONENTE,<br>DO SEU POVO AMIGO, NOBRE E VALENTE,<br>AGORA SE EXPANDE EM TECNOLOGIA.<br>SERRA, DOS CONGOS DE S\u00c3O BENEDITO,<br>DO QUEIMADO, DE UM POVO NOBRE, BONITO,<br>A QUEM PRETO HOMENAGEM EM POESIA.<\/em><\/p><\/blockquote>\n\n\n\n<p>Ap\u00f3s a leitura do poema, pe\u00e7a para que a crian\u00e7a crie uma express\u00e3o art\u00edstica com elementos da natureza sobre as belezas do Munic\u00edpio de Serra. Exemplos: praia que frequentaria, Casa de Pedra (Jacara\u00edpe), Igrejas hist\u00f3ricas do Munic\u00edpio, Chico prego, entre outros.\u00a0\u00a0<\/p>\n<\/div>\n<\/div>\n\n\n\n<hr class=\"wp-block-separator has-text-color has-background has-very-light-gray-background-color has-very-light-gray-color is-style-default\"\/>\n\n\n\n<div class=\"wp-block-columns\">\n<div class=\"wp-block-column\" style=\"flex-basis:20%\">\n<div class=\"wp-block-image\"><figure class=\"alignright size-large\"><img loading=\"lazy\" width=\"136\" height=\"108\" src=\"https:\/\/educacaointegral.org.br\/especiais\/educacao-integral-na-serra\/wp-content\/uploads\/sites\/5\/2021\/04\/icon-fica-a-dica-verde.png\" alt=\"\" class=\"wp-image-44\"\/><\/figure><\/div>\n<\/div>\n\n\n\n<div class=\"wp-block-column\">\n<ul><li>Essa sequ\u00eancia did\u00e1tica pode ser realizada em condi\u00e7\u00e3o de distanciamento social, bem como em atividades presenciais;<\/li><li>\u00c9 poss\u00edvel fazer uma exposi\u00e7\u00e3o de todos os registros produzidos pelas crian\u00e7as utilizando recursos on-line como o <a href=\"https:\/\/padlet.com\/\" target=\"_blank\" rel=\"noreferrer noopener\"><em>padlet<\/em><\/a> (mural interativo gratuito) para ser compartilhado com toda turma.<\/li><\/ul>\n\n\n\n<p><\/p>\n<\/div>\n<\/div>\n\n\n\n<p><\/p>\n","protected":false},"excerpt":{"rendered":"<p>Etapa: &nbsp;Educa\u00e7\u00e3o Infantil Objetivos:&nbsp; Despertar nos educandos o interesse pela hist\u00f3ria da cidade da Serra (ES), lugar onde vivem, valorizando suas ra\u00edzes, resgatando mem\u00f3ria, cultura e tradi\u00e7\u00e3o local.\u00a0 Reconhecer e valorizar costumes locais, bem como cren\u00e7as e festividades art\u00edsticas e religiosas. Tempo para a atividade: 1 semana de aulas Intencionalidades pedag\u00f3gicas: Atrav\u00e9s da realiza\u00e7\u00e3o de [&hellip;]<\/p>\n","protected":false},"author":1,"featured_media":0,"comment_status":"open","ping_status":"open","sticky":false,"template":"","format":"standard","meta":[],"categories":[4],"tags":[],"yoast_head":"<!-- This site is optimized with the Yoast SEO plugin v19.13 - https:\/\/yoast.com\/wordpress\/plugins\/seo\/ -->\n<title>Hist\u00f3rias da Serra - Educa\u00e7\u00e3o Integral na Serra<\/title>\n<meta name=\"robots\" content=\"index, follow, max-snippet:-1, max-image-preview:large, max-video-preview:-1\" \/>\n<link rel=\"canonical\" href=\"https:\/\/educacaointegral.org.br\/especiais\/educacao-integral-na-serra\/2021\/04\/30\/historias-da-serra\/\" \/>\n<meta property=\"og:locale\" content=\"pt_BR\" \/>\n<meta property=\"og:type\" content=\"article\" \/>\n<meta property=\"og:title\" content=\"Hist\u00f3rias da Serra - Educa\u00e7\u00e3o Integral na Serra\" \/>\n<meta property=\"og:description\" content=\"Etapa: &nbsp;Educa\u00e7\u00e3o Infantil Objetivos:&nbsp; Despertar nos educandos o interesse pela hist\u00f3ria da cidade da Serra (ES), lugar onde vivem, valorizando suas ra\u00edzes, resgatando mem\u00f3ria, cultura e tradi\u00e7\u00e3o local.\u00a0 Reconhecer e valorizar costumes locais, bem como cren\u00e7as e festividades art\u00edsticas e religiosas. Tempo para a atividade: 1 semana de aulas Intencionalidades pedag\u00f3gicas: Atrav\u00e9s da realiza\u00e7\u00e3o de [&hellip;]\" \/>\n<meta property=\"og:url\" content=\"https:\/\/educacaointegral.org.br\/especiais\/educacao-integral-na-serra\/2021\/04\/30\/historias-da-serra\/\" \/>\n<meta property=\"og:site_name\" content=\"Educa\u00e7\u00e3o Integral na Serra\" \/>\n<meta property=\"article:published_time\" content=\"2021-04-30T17:40:22+00:00\" \/>\n<meta property=\"article:modified_time\" content=\"2021-04-30T17:41:54+00:00\" \/>\n<meta property=\"og:image\" content=\"https:\/\/educacaointegral.org.br\/especiais\/educacao-integral-na-serra\/wp-content\/uploads\/sites\/5\/2021\/04\/icon-planeje-verde.png\" \/>\n<meta name=\"author\" content=\"adminAprendiz\" \/>\n<meta name=\"twitter:card\" content=\"summary_large_image\" \/>\n<meta name=\"twitter:label1\" content=\"Escrito por\" \/>\n\t<meta name=\"twitter:data1\" content=\"adminAprendiz\" \/>\n\t<meta name=\"twitter:label2\" content=\"Est. tempo de leitura\" \/>\n\t<meta name=\"twitter:data2\" content=\"3 minutos\" \/>\n<script type=\"application\/ld+json\" class=\"yoast-schema-graph\">{\"@context\":\"https:\/\/schema.org\",\"@graph\":[{\"@type\":\"WebPage\",\"@id\":\"https:\/\/educacaointegral.org.br\/especiais\/educacao-integral-na-serra\/2021\/04\/30\/historias-da-serra\/\",\"url\":\"https:\/\/educacaointegral.org.br\/especiais\/educacao-integral-na-serra\/2021\/04\/30\/historias-da-serra\/\",\"name\":\"Hist\u00f3rias da Serra - Educa\u00e7\u00e3o Integral na Serra\",\"isPartOf\":{\"@id\":\"https:\/\/educacaointegral.org.br\/especiais\/educacao-integral-na-serra\/#website\"},\"datePublished\":\"2021-04-30T17:40:22+00:00\",\"dateModified\":\"2021-04-30T17:41:54+00:00\",\"author\":{\"@id\":\"https:\/\/educacaointegral.org.br\/especiais\/educacao-integral-na-serra\/#\/schema\/person\/a66e4367284eb709977eaceffea97678\"},\"breadcrumb\":{\"@id\":\"https:\/\/educacaointegral.org.br\/especiais\/educacao-integral-na-serra\/2021\/04\/30\/historias-da-serra\/#breadcrumb\"},\"inLanguage\":\"pt-BR\",\"potentialAction\":[{\"@type\":\"ReadAction\",\"target\":[\"https:\/\/educacaointegral.org.br\/especiais\/educacao-integral-na-serra\/2021\/04\/30\/historias-da-serra\/\"]}]},{\"@type\":\"BreadcrumbList\",\"@id\":\"https:\/\/educacaointegral.org.br\/especiais\/educacao-integral-na-serra\/2021\/04\/30\/historias-da-serra\/#breadcrumb\",\"itemListElement\":[{\"@type\":\"ListItem\",\"position\":1,\"name\":\"In\u00edcio\",\"item\":\"https:\/\/educacaointegral.org.br\/especiais\/educacao-integral-na-serra\/\"},{\"@type\":\"ListItem\",\"position\":2,\"name\":\"Hist\u00f3rias da Serra\"}]},{\"@type\":\"WebSite\",\"@id\":\"https:\/\/educacaointegral.org.br\/especiais\/educacao-integral-na-serra\/#website\",\"url\":\"https:\/\/educacaointegral.org.br\/especiais\/educacao-integral-na-serra\/\",\"name\":\"Educa\u00e7\u00e3o Integral na Serra\",\"description\":\"Educa\u00e7\u00e3o Integral e Territ\u00f3rios Educativos nas Pr\u00e1ticas Pedag\u00f3gicas da rede municipal de ensino de Serra\",\"potentialAction\":[{\"@type\":\"SearchAction\",\"target\":{\"@type\":\"EntryPoint\",\"urlTemplate\":\"https:\/\/educacaointegral.org.br\/especiais\/educacao-integral-na-serra\/?s={search_term_string}\"},\"query-input\":\"required name=search_term_string\"}],\"inLanguage\":\"pt-BR\"},{\"@type\":\"Person\",\"@id\":\"https:\/\/educacaointegral.org.br\/especiais\/educacao-integral-na-serra\/#\/schema\/person\/a66e4367284eb709977eaceffea97678\",\"name\":\"adminAprendiz\",\"image\":{\"@type\":\"ImageObject\",\"inLanguage\":\"pt-BR\",\"@id\":\"https:\/\/educacaointegral.org.br\/especiais\/educacao-integral-na-serra\/#\/schema\/person\/image\/\",\"url\":\"https:\/\/secure.gravatar.com\/avatar\/2c1508892e383f1f83fa78473fbd7041?s=96&d=mm&r=g\",\"contentUrl\":\"https:\/\/secure.gravatar.com\/avatar\/2c1508892e383f1f83fa78473fbd7041?s=96&d=mm&r=g\",\"caption\":\"adminAprendiz\"},\"url\":\"https:\/\/educacaointegral.org.br\/especiais\/educacao-integral-na-serra\/author\/adminaprendiz\/\"}]}<\/script>\n<!-- \/ Yoast SEO plugin. -->","yoast_head_json":{"title":"Hist\u00f3rias da Serra - Educa\u00e7\u00e3o Integral na Serra","robots":{"index":"index","follow":"follow","max-snippet":"max-snippet:-1","max-image-preview":"max-image-preview:large","max-video-preview":"max-video-preview:-1"},"canonical":"https:\/\/educacaointegral.org.br\/especiais\/educacao-integral-na-serra\/2021\/04\/30\/historias-da-serra\/","og_locale":"pt_BR","og_type":"article","og_title":"Hist\u00f3rias da Serra - Educa\u00e7\u00e3o Integral na Serra","og_description":"Etapa: &nbsp;Educa\u00e7\u00e3o Infantil Objetivos:&nbsp; Despertar nos educandos o interesse pela hist\u00f3ria da cidade da Serra (ES), lugar onde vivem, valorizando suas ra\u00edzes, resgatando mem\u00f3ria, cultura e tradi\u00e7\u00e3o local.\u00a0 Reconhecer e valorizar costumes locais, bem como cren\u00e7as e festividades art\u00edsticas e religiosas. Tempo para a atividade: 1 semana de aulas Intencionalidades pedag\u00f3gicas: Atrav\u00e9s da realiza\u00e7\u00e3o de [&hellip;]","og_url":"https:\/\/educacaointegral.org.br\/especiais\/educacao-integral-na-serra\/2021\/04\/30\/historias-da-serra\/","og_site_name":"Educa\u00e7\u00e3o Integral na Serra","article_published_time":"2021-04-30T17:40:22+00:00","article_modified_time":"2021-04-30T17:41:54+00:00","og_image":[{"url":"https:\/\/educacaointegral.org.br\/especiais\/educacao-integral-na-serra\/wp-content\/uploads\/sites\/5\/2021\/04\/icon-planeje-verde.png"}],"author":"adminAprendiz","twitter_card":"summary_large_image","twitter_misc":{"Escrito por":"adminAprendiz","Est. tempo de leitura":"3 minutos"},"schema":{"@context":"https:\/\/schema.org","@graph":[{"@type":"WebPage","@id":"https:\/\/educacaointegral.org.br\/especiais\/educacao-integral-na-serra\/2021\/04\/30\/historias-da-serra\/","url":"https:\/\/educacaointegral.org.br\/especiais\/educacao-integral-na-serra\/2021\/04\/30\/historias-da-serra\/","name":"Hist\u00f3rias da Serra - Educa\u00e7\u00e3o Integral na Serra","isPartOf":{"@id":"https:\/\/educacaointegral.org.br\/especiais\/educacao-integral-na-serra\/#website"},"datePublished":"2021-04-30T17:40:22+00:00","dateModified":"2021-04-30T17:41:54+00:00","author":{"@id":"https:\/\/educacaointegral.org.br\/especiais\/educacao-integral-na-serra\/#\/schema\/person\/a66e4367284eb709977eaceffea97678"},"breadcrumb":{"@id":"https:\/\/educacaointegral.org.br\/especiais\/educacao-integral-na-serra\/2021\/04\/30\/historias-da-serra\/#breadcrumb"},"inLanguage":"pt-BR","potentialAction":[{"@type":"ReadAction","target":["https:\/\/educacaointegral.org.br\/especiais\/educacao-integral-na-serra\/2021\/04\/30\/historias-da-serra\/"]}]},{"@type":"BreadcrumbList","@id":"https:\/\/educacaointegral.org.br\/especiais\/educacao-integral-na-serra\/2021\/04\/30\/historias-da-serra\/#breadcrumb","itemListElement":[{"@type":"ListItem","position":1,"name":"In\u00edcio","item":"https:\/\/educacaointegral.org.br\/especiais\/educacao-integral-na-serra\/"},{"@type":"ListItem","position":2,"name":"Hist\u00f3rias da Serra"}]},{"@type":"WebSite","@id":"https:\/\/educacaointegral.org.br\/especiais\/educacao-integral-na-serra\/#website","url":"https:\/\/educacaointegral.org.br\/especiais\/educacao-integral-na-serra\/","name":"Educa\u00e7\u00e3o Integral na Serra","description":"Educa\u00e7\u00e3o Integral e Territ\u00f3rios Educativos nas Pr\u00e1ticas Pedag\u00f3gicas da rede municipal de ensino de Serra","potentialAction":[{"@type":"SearchAction","target":{"@type":"EntryPoint","urlTemplate":"https:\/\/educacaointegral.org.br\/especiais\/educacao-integral-na-serra\/?s={search_term_string}"},"query-input":"required name=search_term_string"}],"inLanguage":"pt-BR"},{"@type":"Person","@id":"https:\/\/educacaointegral.org.br\/especiais\/educacao-integral-na-serra\/#\/schema\/person\/a66e4367284eb709977eaceffea97678","name":"adminAprendiz","image":{"@type":"ImageObject","inLanguage":"pt-BR","@id":"https:\/\/educacaointegral.org.br\/especiais\/educacao-integral-na-serra\/#\/schema\/person\/image\/","url":"https:\/\/secure.gravatar.com\/avatar\/2c1508892e383f1f83fa78473fbd7041?s=96&d=mm&r=g","contentUrl":"https:\/\/secure.gravatar.com\/avatar\/2c1508892e383f1f83fa78473fbd7041?s=96&d=mm&r=g","caption":"adminAprendiz"},"url":"https:\/\/educacaointegral.org.br\/especiais\/educacao-integral-na-serra\/author\/adminaprendiz\/"}]}},"_links":{"self":[{"href":"https:\/\/educacaointegral.org.br\/especiais\/educacao-integral-na-serra\/wp-json\/wp\/v2\/posts\/77"}],"collection":[{"href":"https:\/\/educacaointegral.org.br\/especiais\/educacao-integral-na-serra\/wp-json\/wp\/v2\/posts"}],"about":[{"href":"https:\/\/educacaointegral.org.br\/especiais\/educacao-integral-na-serra\/wp-json\/wp\/v2\/types\/post"}],"author":[{"embeddable":true,"href":"https:\/\/educacaointegral.org.br\/especiais\/educacao-integral-na-serra\/wp-json\/wp\/v2\/users\/1"}],"replies":[{"embeddable":true,"href":"https:\/\/educacaointegral.org.br\/especiais\/educacao-integral-na-serra\/wp-json\/wp\/v2\/comments?post=77"}],"version-history":[{"count":4,"href":"https:\/\/educacaointegral.org.br\/especiais\/educacao-integral-na-serra\/wp-json\/wp\/v2\/posts\/77\/revisions"}],"predecessor-version":[{"id":81,"href":"https:\/\/educacaointegral.org.br\/especiais\/educacao-integral-na-serra\/wp-json\/wp\/v2\/posts\/77\/revisions\/81"}],"wp:attachment":[{"href":"https:\/\/educacaointegral.org.br\/especiais\/educacao-integral-na-serra\/wp-json\/wp\/v2\/media?parent=77"}],"wp:term":[{"taxonomy":"category","embeddable":true,"href":"https:\/\/educacaointegral.org.br\/especiais\/educacao-integral-na-serra\/wp-json\/wp\/v2\/categories?post=77"},{"taxonomy":"post_tag","embeddable":true,"href":"https:\/\/educacaointegral.org.br\/especiais\/educacao-integral-na-serra\/wp-json\/wp\/v2\/tags?post=77"}],"curies":[{"name":"wp","href":"https:\/\/api.w.org\/{rel}","templated":true}]}}