{"id":73,"date":"2021-04-30T14:30:29","date_gmt":"2021-04-30T17:30:29","guid":{"rendered":"https:\/\/educacaointegral.org.br\/especiais\/educacao-integral-na-serra\/?p=73"},"modified":"2021-04-30T14:30:30","modified_gmt":"2021-04-30T17:30:30","slug":"nossas-brincadeiras-nossas-historias","status":"publish","type":"post","link":"https:\/\/educacaointegral.org.br\/especiais\/educacao-integral-na-serra\/2021\/04\/30\/nossas-brincadeiras-nossas-historias\/","title":{"rendered":"Nossas brincadeiras, nossas hist\u00f3rias"},"content":{"rendered":"\n<div class=\"wp-container-1 wp-block-buttons alignright is-content-justification-right\">\n<div class=\"wp-block-button btn-baixe\"><a class=\"wp-block-button__link has-background\" style=\"background-color:#00a2a8;border-radius:46px\">Baixe essa pr\u00e1tica<\/a><\/div>\n<\/div>\n\n\n\n<div style=\"height:26px\" aria-hidden=\"true\" class=\"wp-block-spacer\"><\/div>\n\n\n\n<div class=\"wp-block-columns\">\n<div class=\"wp-block-column\" style=\"flex-basis:20%\">\n<div class=\"wp-block-image\"><figure class=\"alignright size-large\"><img loading=\"lazy\" width=\"92\" height=\"113\" src=\"https:\/\/educacaointegral.org.br\/especiais\/educacao-integral-na-serra\/wp-content\/uploads\/sites\/5\/2021\/04\/icon-planeje-verde.png\" alt=\"\" class=\"wp-image-42\"\/><\/figure><\/div>\n\n\n\n<p><\/p>\n<\/div>\n\n\n\n<div class=\"wp-block-column\">\n<p><strong>Etapa:<\/strong> &nbsp;Educa\u00e7\u00e3o Infantil<\/p>\n\n\n\n<p><strong>Objetivos:<\/strong>&nbsp;<\/p>\n\n\n\n<ul><li>Conhecer e brincar com brinquedos do passado, oportunizando o resgate das brincadeiras antigas.\u00a0<\/li><li>Desenvolver a comunica\u00e7\u00e3o e express\u00e3o atrav\u00e9s de jogos e brincadeiras, ampliando as possibilidades expressivas do pr\u00f3prio corpo.\u00a0<\/li><li>Aprender a brincar respeitando regras e limites.<\/li><\/ul>\n\n\n\n<p><strong><strong>Tempo para a atividade<\/strong>:<\/strong>  1 aula<\/p>\n<\/div>\n<\/div>\n\n\n\n<hr class=\"wp-block-separator has-text-color has-background has-very-light-gray-background-color has-very-light-gray-color is-style-default\"\/>\n\n\n\n<div class=\"wp-block-columns\">\n<div class=\"wp-block-column\" style=\"flex-basis:20%\">\n<div class=\"wp-block-image\"><figure class=\"alignright size-large\"><img loading=\"lazy\" width=\"141\" height=\"120\" src=\"https:\/\/educacaointegral.org.br\/especiais\/educacao-integral-na-serra\/wp-content\/uploads\/sites\/5\/2021\/04\/icon-implemente-verde.png\" alt=\"\" class=\"wp-image-43\"\/><\/figure><\/div>\n<\/div>\n\n\n\n<div class=\"wp-block-column\">\n<p><strong>Intencionalidades pedag\u00f3gicas:<\/strong> A atividade proposta intenciona valorizar e resgatar as culturas infantis, possibilitando que as crian\u00e7as possam reviver brincadeiras da tradi\u00e7\u00e3o popular. Al\u00e9m disso, favorece que a aprendizagem ocorra de forma l\u00fadica e com a participa\u00e7\u00e3o ativa das crian\u00e7as durante sua realiza\u00e7\u00e3o, envolvendo os familiares e valorizando as intera\u00e7\u00f5es em casa.<\/p>\n\n\n\n<p><strong>Como acontece: <\/strong>Em primeiro lugar, organize um question\u00e1rio para enviar \u00e0s fam\u00edlias sobre as brincadeiras que as crian\u00e7as fazem em casa atualmente e sobre quais brincadeiras eram feitas quando crian\u00e7as. O formul\u00e1rio pode ser impresso ou produzido atrav\u00e9s de uma ferramenta como o <a href=\"https:\/\/www.google.com\/intl\/pt-BR\/forms\/about\/\" target=\"_blank\" rel=\"noreferrer noopener\">Google Forms<\/a>. Os dados dever\u00e3o ser sistematizados e compartilhados com a fam\u00edlia juntamente com um texto que fale sobre a import\u00e2ncia da brincadeira infantil. A ideia \u00e9 colaborar com a conscientiza\u00e7\u00e3o da fam\u00edlia sobre o quanto o ato de brincar \u00e9 fundamental na forma\u00e7\u00e3o das crian\u00e7as. Proponha que as crian\u00e7as, juntamente com suas fam\u00edlias, fa\u00e7am uma pesquisa de imagens com brincadeiras em revistas ou outros materiais que estiverem dispon\u00edveis. Caso n\u00e3o seja poss\u00edvel acessar as revistas, pode ser uma pesquisa de imagens na internet feita pelo celular ou outro dispositivo conectado \u00e0 rede. Depois disso, solicite que a fam\u00edlia ensine para crian\u00e7a brincadeiras que faziam quando eram pequenos. Ap\u00f3s brincar bastante, registrar as brincadeiras atrav\u00e9s de desenhos. V\u00eddeos curtos e fotos dos desenhos produzidos pelas crian\u00e7as podem ser compartilhados com a escola para que a equipe organize o\u00a0 registro e compartilhe com toda a turma.<\/p>\n\n\n\n<p><\/p>\n<\/div>\n<\/div>\n\n\n\n<hr class=\"wp-block-separator has-text-color has-background has-very-light-gray-background-color has-very-light-gray-color is-style-default\"\/>\n\n\n\n<div class=\"wp-block-columns\">\n<div class=\"wp-block-column\" style=\"flex-basis:20%\">\n<div class=\"wp-block-image\"><figure class=\"alignright size-large\"><img loading=\"lazy\" width=\"136\" height=\"108\" src=\"https:\/\/educacaointegral.org.br\/especiais\/educacao-integral-na-serra\/wp-content\/uploads\/sites\/5\/2021\/04\/icon-fica-a-dica-verde.png\" alt=\"\" class=\"wp-image-44\"\/><\/figure><\/div>\n<\/div>\n\n\n\n<div class=\"wp-block-column\">\n<ul><li>A sugest\u00e3o \u00e9 que esta atividade seja realizada em condi\u00e7\u00f5es de aulas remotas ou afastamento social;\u00a0<\/li><li>\u00c9 poss\u00edvel fazer uma exposi\u00e7\u00e3o de todas as narrativas utilizando recursos on-line como o <a href=\"https:\/\/padlet.com\/\" target=\"_blank\" rel=\"noreferrer noopener\"><em>padlet<\/em><\/a> (mural interativo gratuito) para ser compartilhado com toda turma.<\/li><li>Para colaborar com a conscientiza\u00e7\u00e3o da fam\u00edlia sobre a import\u00e2ncia do brincar, assista a apresenta\u00e7\u00e3o dos educadores Renata Meirelles e Severino Ant\u00f4nio que fala sobre <a href=\"http:\/\/institutocpfl.org.br\/play\/a-importancia-do-brincar-renata-meirelles-e-severino-antonio\/\" target=\"_blank\" rel=\"noreferrer noopener\">\u201cA Import\u00e2ncia do Brincar\u201d<\/a>, em programa do Caf\u00e9 Filos\u00f3fico, organizado pelo Instituto CPFL.<\/li><\/ul>\n\n\n\n<p><\/p>\n<\/div>\n<\/div>\n\n\n\n<p><\/p>\n","protected":false},"excerpt":{"rendered":"<p>Etapa: &nbsp;Educa\u00e7\u00e3o Infantil Objetivos:&nbsp; Conhecer e brincar com brinquedos do passado, oportunizando o resgate das brincadeiras antigas.\u00a0 Desenvolver a comunica\u00e7\u00e3o e express\u00e3o atrav\u00e9s de jogos e brincadeiras, ampliando as possibilidades expressivas do pr\u00f3prio corpo.\u00a0 Aprender a brincar respeitando regras e limites. Tempo para a atividade: 1 aula Intencionalidades pedag\u00f3gicas: A atividade proposta intenciona valorizar e [&hellip;]<\/p>\n","protected":false},"author":1,"featured_media":0,"comment_status":"open","ping_status":"open","sticky":false,"template":"","format":"standard","meta":[],"categories":[4],"tags":[],"yoast_head":"<!-- This site is optimized with the Yoast SEO plugin v19.13 - https:\/\/yoast.com\/wordpress\/plugins\/seo\/ -->\n<title>Nossas brincadeiras, nossas hist\u00f3rias - Educa\u00e7\u00e3o Integral na Serra<\/title>\n<meta name=\"robots\" content=\"index, follow, max-snippet:-1, max-image-preview:large, max-video-preview:-1\" \/>\n<link rel=\"canonical\" href=\"https:\/\/educacaointegral.org.br\/especiais\/educacao-integral-na-serra\/2021\/04\/30\/nossas-brincadeiras-nossas-historias\/\" \/>\n<meta property=\"og:locale\" content=\"pt_BR\" \/>\n<meta property=\"og:type\" content=\"article\" \/>\n<meta property=\"og:title\" content=\"Nossas brincadeiras, nossas hist\u00f3rias - Educa\u00e7\u00e3o Integral na Serra\" \/>\n<meta property=\"og:description\" content=\"Etapa: &nbsp;Educa\u00e7\u00e3o Infantil Objetivos:&nbsp; Conhecer e brincar com brinquedos do passado, oportunizando o resgate das brincadeiras antigas.\u00a0 Desenvolver a comunica\u00e7\u00e3o e express\u00e3o atrav\u00e9s de jogos e brincadeiras, ampliando as possibilidades expressivas do pr\u00f3prio corpo.\u00a0 Aprender a brincar respeitando regras e limites. Tempo para a atividade: 1 aula Intencionalidades pedag\u00f3gicas: A atividade proposta intenciona valorizar e [&hellip;]\" \/>\n<meta property=\"og:url\" content=\"https:\/\/educacaointegral.org.br\/especiais\/educacao-integral-na-serra\/2021\/04\/30\/nossas-brincadeiras-nossas-historias\/\" \/>\n<meta property=\"og:site_name\" content=\"Educa\u00e7\u00e3o Integral na Serra\" \/>\n<meta property=\"article:published_time\" content=\"2021-04-30T17:30:29+00:00\" \/>\n<meta property=\"article:modified_time\" content=\"2021-04-30T17:30:30+00:00\" \/>\n<meta property=\"og:image\" content=\"https:\/\/educacaointegral.org.br\/especiais\/educacao-integral-na-serra\/wp-content\/uploads\/sites\/5\/2021\/04\/icon-planeje-verde.png\" \/>\n<meta name=\"author\" content=\"adminAprendiz\" \/>\n<meta name=\"twitter:card\" content=\"summary_large_image\" \/>\n<meta name=\"twitter:label1\" content=\"Escrito por\" \/>\n\t<meta name=\"twitter:data1\" content=\"adminAprendiz\" \/>\n\t<meta name=\"twitter:label2\" content=\"Est. tempo de leitura\" \/>\n\t<meta name=\"twitter:data2\" content=\"2 minutos\" \/>\n<script type=\"application\/ld+json\" class=\"yoast-schema-graph\">{\"@context\":\"https:\/\/schema.org\",\"@graph\":[{\"@type\":\"WebPage\",\"@id\":\"https:\/\/educacaointegral.org.br\/especiais\/educacao-integral-na-serra\/2021\/04\/30\/nossas-brincadeiras-nossas-historias\/\",\"url\":\"https:\/\/educacaointegral.org.br\/especiais\/educacao-integral-na-serra\/2021\/04\/30\/nossas-brincadeiras-nossas-historias\/\",\"name\":\"Nossas brincadeiras, nossas hist\u00f3rias - Educa\u00e7\u00e3o Integral na Serra\",\"isPartOf\":{\"@id\":\"https:\/\/educacaointegral.org.br\/especiais\/educacao-integral-na-serra\/#website\"},\"datePublished\":\"2021-04-30T17:30:29+00:00\",\"dateModified\":\"2021-04-30T17:30:30+00:00\",\"author\":{\"@id\":\"https:\/\/educacaointegral.org.br\/especiais\/educacao-integral-na-serra\/#\/schema\/person\/a66e4367284eb709977eaceffea97678\"},\"breadcrumb\":{\"@id\":\"https:\/\/educacaointegral.org.br\/especiais\/educacao-integral-na-serra\/2021\/04\/30\/nossas-brincadeiras-nossas-historias\/#breadcrumb\"},\"inLanguage\":\"pt-BR\",\"potentialAction\":[{\"@type\":\"ReadAction\",\"target\":[\"https:\/\/educacaointegral.org.br\/especiais\/educacao-integral-na-serra\/2021\/04\/30\/nossas-brincadeiras-nossas-historias\/\"]}]},{\"@type\":\"BreadcrumbList\",\"@id\":\"https:\/\/educacaointegral.org.br\/especiais\/educacao-integral-na-serra\/2021\/04\/30\/nossas-brincadeiras-nossas-historias\/#breadcrumb\",\"itemListElement\":[{\"@type\":\"ListItem\",\"position\":1,\"name\":\"In\u00edcio\",\"item\":\"https:\/\/educacaointegral.org.br\/especiais\/educacao-integral-na-serra\/\"},{\"@type\":\"ListItem\",\"position\":2,\"name\":\"Nossas brincadeiras, nossas hist\u00f3rias\"}]},{\"@type\":\"WebSite\",\"@id\":\"https:\/\/educacaointegral.org.br\/especiais\/educacao-integral-na-serra\/#website\",\"url\":\"https:\/\/educacaointegral.org.br\/especiais\/educacao-integral-na-serra\/\",\"name\":\"Educa\u00e7\u00e3o Integral na Serra\",\"description\":\"Educa\u00e7\u00e3o Integral e Territ\u00f3rios Educativos nas Pr\u00e1ticas Pedag\u00f3gicas da rede municipal de ensino de Serra\",\"potentialAction\":[{\"@type\":\"SearchAction\",\"target\":{\"@type\":\"EntryPoint\",\"urlTemplate\":\"https:\/\/educacaointegral.org.br\/especiais\/educacao-integral-na-serra\/?s={search_term_string}\"},\"query-input\":\"required name=search_term_string\"}],\"inLanguage\":\"pt-BR\"},{\"@type\":\"Person\",\"@id\":\"https:\/\/educacaointegral.org.br\/especiais\/educacao-integral-na-serra\/#\/schema\/person\/a66e4367284eb709977eaceffea97678\",\"name\":\"adminAprendiz\",\"image\":{\"@type\":\"ImageObject\",\"inLanguage\":\"pt-BR\",\"@id\":\"https:\/\/educacaointegral.org.br\/especiais\/educacao-integral-na-serra\/#\/schema\/person\/image\/\",\"url\":\"https:\/\/secure.gravatar.com\/avatar\/2c1508892e383f1f83fa78473fbd7041?s=96&d=mm&r=g\",\"contentUrl\":\"https:\/\/secure.gravatar.com\/avatar\/2c1508892e383f1f83fa78473fbd7041?s=96&d=mm&r=g\",\"caption\":\"adminAprendiz\"},\"url\":\"https:\/\/educacaointegral.org.br\/especiais\/educacao-integral-na-serra\/author\/adminaprendiz\/\"}]}<\/script>\n<!-- \/ Yoast SEO plugin. -->","yoast_head_json":{"title":"Nossas brincadeiras, nossas hist\u00f3rias - Educa\u00e7\u00e3o Integral na Serra","robots":{"index":"index","follow":"follow","max-snippet":"max-snippet:-1","max-image-preview":"max-image-preview:large","max-video-preview":"max-video-preview:-1"},"canonical":"https:\/\/educacaointegral.org.br\/especiais\/educacao-integral-na-serra\/2021\/04\/30\/nossas-brincadeiras-nossas-historias\/","og_locale":"pt_BR","og_type":"article","og_title":"Nossas brincadeiras, nossas hist\u00f3rias - Educa\u00e7\u00e3o Integral na Serra","og_description":"Etapa: &nbsp;Educa\u00e7\u00e3o Infantil Objetivos:&nbsp; Conhecer e brincar com brinquedos do passado, oportunizando o resgate das brincadeiras antigas.\u00a0 Desenvolver a comunica\u00e7\u00e3o e express\u00e3o atrav\u00e9s de jogos e brincadeiras, ampliando as possibilidades expressivas do pr\u00f3prio corpo.\u00a0 Aprender a brincar respeitando regras e limites. Tempo para a atividade: 1 aula Intencionalidades pedag\u00f3gicas: A atividade proposta intenciona valorizar e [&hellip;]","og_url":"https:\/\/educacaointegral.org.br\/especiais\/educacao-integral-na-serra\/2021\/04\/30\/nossas-brincadeiras-nossas-historias\/","og_site_name":"Educa\u00e7\u00e3o Integral na Serra","article_published_time":"2021-04-30T17:30:29+00:00","article_modified_time":"2021-04-30T17:30:30+00:00","og_image":[{"url":"https:\/\/educacaointegral.org.br\/especiais\/educacao-integral-na-serra\/wp-content\/uploads\/sites\/5\/2021\/04\/icon-planeje-verde.png"}],"author":"adminAprendiz","twitter_card":"summary_large_image","twitter_misc":{"Escrito por":"adminAprendiz","Est. tempo de leitura":"2 minutos"},"schema":{"@context":"https:\/\/schema.org","@graph":[{"@type":"WebPage","@id":"https:\/\/educacaointegral.org.br\/especiais\/educacao-integral-na-serra\/2021\/04\/30\/nossas-brincadeiras-nossas-historias\/","url":"https:\/\/educacaointegral.org.br\/especiais\/educacao-integral-na-serra\/2021\/04\/30\/nossas-brincadeiras-nossas-historias\/","name":"Nossas brincadeiras, nossas hist\u00f3rias - Educa\u00e7\u00e3o Integral na Serra","isPartOf":{"@id":"https:\/\/educacaointegral.org.br\/especiais\/educacao-integral-na-serra\/#website"},"datePublished":"2021-04-30T17:30:29+00:00","dateModified":"2021-04-30T17:30:30+00:00","author":{"@id":"https:\/\/educacaointegral.org.br\/especiais\/educacao-integral-na-serra\/#\/schema\/person\/a66e4367284eb709977eaceffea97678"},"breadcrumb":{"@id":"https:\/\/educacaointegral.org.br\/especiais\/educacao-integral-na-serra\/2021\/04\/30\/nossas-brincadeiras-nossas-historias\/#breadcrumb"},"inLanguage":"pt-BR","potentialAction":[{"@type":"ReadAction","target":["https:\/\/educacaointegral.org.br\/especiais\/educacao-integral-na-serra\/2021\/04\/30\/nossas-brincadeiras-nossas-historias\/"]}]},{"@type":"BreadcrumbList","@id":"https:\/\/educacaointegral.org.br\/especiais\/educacao-integral-na-serra\/2021\/04\/30\/nossas-brincadeiras-nossas-historias\/#breadcrumb","itemListElement":[{"@type":"ListItem","position":1,"name":"In\u00edcio","item":"https:\/\/educacaointegral.org.br\/especiais\/educacao-integral-na-serra\/"},{"@type":"ListItem","position":2,"name":"Nossas brincadeiras, nossas hist\u00f3rias"}]},{"@type":"WebSite","@id":"https:\/\/educacaointegral.org.br\/especiais\/educacao-integral-na-serra\/#website","url":"https:\/\/educacaointegral.org.br\/especiais\/educacao-integral-na-serra\/","name":"Educa\u00e7\u00e3o Integral na Serra","description":"Educa\u00e7\u00e3o Integral e Territ\u00f3rios Educativos nas Pr\u00e1ticas Pedag\u00f3gicas da rede municipal de ensino de Serra","potentialAction":[{"@type":"SearchAction","target":{"@type":"EntryPoint","urlTemplate":"https:\/\/educacaointegral.org.br\/especiais\/educacao-integral-na-serra\/?s={search_term_string}"},"query-input":"required name=search_term_string"}],"inLanguage":"pt-BR"},{"@type":"Person","@id":"https:\/\/educacaointegral.org.br\/especiais\/educacao-integral-na-serra\/#\/schema\/person\/a66e4367284eb709977eaceffea97678","name":"adminAprendiz","image":{"@type":"ImageObject","inLanguage":"pt-BR","@id":"https:\/\/educacaointegral.org.br\/especiais\/educacao-integral-na-serra\/#\/schema\/person\/image\/","url":"https:\/\/secure.gravatar.com\/avatar\/2c1508892e383f1f83fa78473fbd7041?s=96&d=mm&r=g","contentUrl":"https:\/\/secure.gravatar.com\/avatar\/2c1508892e383f1f83fa78473fbd7041?s=96&d=mm&r=g","caption":"adminAprendiz"},"url":"https:\/\/educacaointegral.org.br\/especiais\/educacao-integral-na-serra\/author\/adminaprendiz\/"}]}},"_links":{"self":[{"href":"https:\/\/educacaointegral.org.br\/especiais\/educacao-integral-na-serra\/wp-json\/wp\/v2\/posts\/73"}],"collection":[{"href":"https:\/\/educacaointegral.org.br\/especiais\/educacao-integral-na-serra\/wp-json\/wp\/v2\/posts"}],"about":[{"href":"https:\/\/educacaointegral.org.br\/especiais\/educacao-integral-na-serra\/wp-json\/wp\/v2\/types\/post"}],"author":[{"embeddable":true,"href":"https:\/\/educacaointegral.org.br\/especiais\/educacao-integral-na-serra\/wp-json\/wp\/v2\/users\/1"}],"replies":[{"embeddable":true,"href":"https:\/\/educacaointegral.org.br\/especiais\/educacao-integral-na-serra\/wp-json\/wp\/v2\/comments?post=73"}],"version-history":[{"count":1,"href":"https:\/\/educacaointegral.org.br\/especiais\/educacao-integral-na-serra\/wp-json\/wp\/v2\/posts\/73\/revisions"}],"predecessor-version":[{"id":74,"href":"https:\/\/educacaointegral.org.br\/especiais\/educacao-integral-na-serra\/wp-json\/wp\/v2\/posts\/73\/revisions\/74"}],"wp:attachment":[{"href":"https:\/\/educacaointegral.org.br\/especiais\/educacao-integral-na-serra\/wp-json\/wp\/v2\/media?parent=73"}],"wp:term":[{"taxonomy":"category","embeddable":true,"href":"https:\/\/educacaointegral.org.br\/especiais\/educacao-integral-na-serra\/wp-json\/wp\/v2\/categories?post=73"},{"taxonomy":"post_tag","embeddable":true,"href":"https:\/\/educacaointegral.org.br\/especiais\/educacao-integral-na-serra\/wp-json\/wp\/v2\/tags?post=73"}],"curies":[{"name":"wp","href":"https:\/\/api.w.org\/{rel}","templated":true}]}}