{"id":61,"date":"2021-04-30T14:17:19","date_gmt":"2021-04-30T17:17:19","guid":{"rendered":"https:\/\/educacaointegral.org.br\/especiais\/educacao-integral-na-serra\/?p=61"},"modified":"2021-04-30T14:26:36","modified_gmt":"2021-04-30T17:26:36","slug":"narrar-para-conhecer-quadrinhos-que-contam","status":"publish","type":"post","link":"https:\/\/educacaointegral.org.br\/especiais\/educacao-integral-na-serra\/2021\/04\/30\/narrar-para-conhecer-quadrinhos-que-contam\/","title":{"rendered":"Narrar para conhecer: quadrinhos que contam"},"content":{"rendered":"\n<div class=\"wp-container-1 wp-block-buttons alignright is-content-justification-right\">\n<div class=\"wp-block-button btn-baixe\"><a class=\"wp-block-button__link has-background\" style=\"background-color:#00a2a8;border-radius:46px\">Baixe essa pr\u00e1tica<\/a><\/div>\n<\/div>\n\n\n\n<div style=\"height:26px\" aria-hidden=\"true\" class=\"wp-block-spacer\"><\/div>\n\n\n\n<div class=\"wp-block-columns\">\n<div class=\"wp-block-column\" style=\"flex-basis:20%\">\n<div class=\"wp-block-image\"><figure class=\"alignright size-large\"><img loading=\"lazy\" width=\"92\" height=\"113\" src=\"https:\/\/educacaointegral.org.br\/especiais\/educacao-integral-na-serra\/wp-content\/uploads\/sites\/5\/2021\/04\/icon-planeje-verde.png\" alt=\"\" class=\"wp-image-42\"\/><\/figure><\/div>\n\n\n\n<p><\/p>\n<\/div>\n\n\n\n<div class=\"wp-block-column\">\n<p><strong>Etapa:<\/strong> &nbsp;2\u00ba ano do Ensino Fundamental<\/p>\n\n\n\n<p><strong>Objetivos:<\/strong>&nbsp;<\/p>\n\n\n\n<ul><li>Conhecer o processo hist\u00f3rico de constru\u00e7\u00e3o da Serra e acessar a origem de conflitos existentes na hist\u00f3ria do munic\u00edpio.&nbsp;<\/li><li>Colocar-se como parte de uma hist\u00f3ria em constru\u00e7\u00e3o.&nbsp;<\/li><li>Inferir ideias impl\u00edcitas nos textos e compreender a ideia central de um texto.&nbsp;<\/li><li>Aprender a planejar a escrita e criar dentro do contexto, hist\u00f3ria apresentando compreens\u00e3o e interpreta\u00e7\u00e3o dos recursos lingu\u00edsticos.<\/li><\/ul>\n\n\n\n<p><strong><strong>Tempo para a atividade<\/strong>:<\/strong>  2 aulas<\/p>\n<\/div>\n<\/div>\n\n\n\n<hr class=\"wp-block-separator has-text-color has-background has-very-light-gray-background-color has-very-light-gray-color is-style-default\"\/>\n\n\n\n<div class=\"wp-block-columns\">\n<div class=\"wp-block-column\" style=\"flex-basis:20%\">\n<div class=\"wp-block-image\"><figure class=\"alignright size-large\"><img loading=\"lazy\" width=\"141\" height=\"120\" src=\"https:\/\/educacaointegral.org.br\/especiais\/educacao-integral-na-serra\/wp-content\/uploads\/sites\/5\/2021\/04\/icon-implemente-verde.png\" alt=\"\" class=\"wp-image-43\"\/><\/figure><\/div>\n<\/div>\n\n\n\n<div class=\"wp-block-column\">\n<p><strong>Intencionalidades pedag\u00f3gicas:<\/strong> A proposta de atividade intenciona possibilitar a produ\u00e7\u00e3o de texto de g\u00eaneros diversos, adequados aos objetivos, ao destinat\u00e1rio e ao contexto de circula\u00e7\u00e3o, bem como realizar o planejamento do texto a ser escrito, considerando tema, objetivo e interlocutores. Ao realizar a atividade proposta o estudante ser\u00e1 levado a compreender e valorizar o uso da escrita com diferentes finalidades e diferentes g\u00eaneros; aprender a definir o t\u00edtulo do texto em fun\u00e7\u00e3o do seu conte\u00fado e das finalidades discursivas; aprender a utilizar letras mai\u00fascula e min\u00fascula na produ\u00e7\u00e3o de textos escritos; produzir textos utilizando sinais gr\u00e1ficos que colaboram na produ\u00e7\u00e3o do sentido do texto: acentua\u00e7\u00e3o, pontua\u00e7\u00e3o e outros s\u00edmbolos usados na escrita.<\/p>\n\n\n\n<p><strong>Como acontece: <\/strong>O aluno juntamente com o seu respons\u00e1vel narra, em forma de quadrinhos, alguma experi\u00eancia cultural que conhece referente ao territ\u00f3rio de Serra (ES). Caso n\u00e3o se lembre, poder\u00e1 fazer uma pesquisa sobre o tema para amplia\u00e7\u00e3o de repert\u00f3rio. O aluno que tiver acesso \u00e0 internet pode usar o aplicativo <a href=\"https:\/\/app.pixton.com\/\" target=\"_blank\" rel=\"noreferrer noopener\">Pixton<\/a> para produzir seu trabalho. A atividade tamb\u00e9m pode ser realizada em folhas de sulfite, dobradas ao meio. Neste caso, sugerimos usar muito material de pintura para deixar bem colorido. A hist\u00f3ria dever\u00e1 ter pelo menos 10 quadrinhos.<\/p>\n\n\n\n<p><\/p>\n<\/div>\n<\/div>\n\n\n\n<hr class=\"wp-block-separator has-text-color has-background has-very-light-gray-background-color has-very-light-gray-color is-style-default\"\/>\n\n\n\n<div class=\"wp-block-columns\">\n<div class=\"wp-block-column\" style=\"flex-basis:20%\">\n<div class=\"wp-block-image\"><figure class=\"alignright size-large\"><img loading=\"lazy\" width=\"136\" height=\"108\" src=\"https:\/\/educacaointegral.org.br\/especiais\/educacao-integral-na-serra\/wp-content\/uploads\/sites\/5\/2021\/04\/icon-fica-a-dica-verde.png\" alt=\"\" class=\"wp-image-44\"\/><\/figure><\/div>\n<\/div>\n\n\n\n<div class=\"wp-block-column\">\n<ul><li>A sugest\u00e3o \u00e9 que esta atividade seja realizada em condi\u00e7\u00f5es de aulas remotas ou afastamento social.\u00a0<\/li><li>Indicamos algumas publica\u00e7\u00f5es para aprofundar conhecimentos sobre a hist\u00f3ria da Serra (ES):<\/li><\/ul>\n\n\n\n<ol><li><a rel=\"noreferrer noopener\" href=\"https:\/\/www.youtube.com\/watch?v=gvB3s--aaFI\" target=\"_blank\">www.youtube.com\/watch?v=gvB3s&#8211;aaFI<\/a>\u00a0<\/li><li><a rel=\"noreferrer noopener\" href=\"https:\/\/www.youtube.com\/watch?v=iS4ZFqm5s0c\" target=\"_blank\">www.youtube.com\/watch?v=iS4ZFqm5s0c<\/a>\u00a0<\/li><li><a rel=\"noreferrer noopener\" href=\"http:\/\/www.palmares.gov.br\/?p=9431\" target=\"_blank\">www.palmares.gov.br\/?p=9431<\/a>\u00a0<\/li><li><a rel=\"noreferrer noopener\" href=\"http:\/\/www.serra.es.gov.br\/pagina\/tradicao-e-cultura\" target=\"_blank\">www.serra.es.gov.br\/pagina\/tradicao-e-cultura<\/a><\/li><\/ol>\n\n\n\n<p><\/p>\n<\/div>\n<\/div>\n\n\n\n<p><\/p>\n","protected":false},"excerpt":{"rendered":"<p>Etapa: &nbsp;2\u00ba ano do Ensino Fundamental Objetivos:&nbsp; Conhecer o processo hist\u00f3rico de constru\u00e7\u00e3o da Serra e acessar a origem de conflitos existentes na hist\u00f3ria do munic\u00edpio.&nbsp; Colocar-se como parte de uma hist\u00f3ria em constru\u00e7\u00e3o.&nbsp; Inferir ideias impl\u00edcitas nos textos e compreender a ideia central de um texto.&nbsp; Aprender a planejar a escrita e criar dentro [&hellip;]<\/p>\n","protected":false},"author":1,"featured_media":0,"comment_status":"open","ping_status":"open","sticky":false,"template":"","format":"standard","meta":[],"categories":[4],"tags":[],"yoast_head":"<!-- This site is optimized with the Yoast SEO plugin v19.13 - https:\/\/yoast.com\/wordpress\/plugins\/seo\/ -->\n<title>Narrar para conhecer: quadrinhos que contam - Educa\u00e7\u00e3o Integral na Serra<\/title>\n<meta name=\"robots\" content=\"index, follow, max-snippet:-1, max-image-preview:large, max-video-preview:-1\" \/>\n<link rel=\"canonical\" href=\"https:\/\/educacaointegral.org.br\/especiais\/educacao-integral-na-serra\/2021\/04\/30\/narrar-para-conhecer-quadrinhos-que-contam\/\" \/>\n<meta property=\"og:locale\" content=\"pt_BR\" \/>\n<meta property=\"og:type\" content=\"article\" \/>\n<meta property=\"og:title\" content=\"Narrar para conhecer: quadrinhos que contam - Educa\u00e7\u00e3o Integral na Serra\" \/>\n<meta property=\"og:description\" content=\"Etapa: &nbsp;2\u00ba ano do Ensino Fundamental Objetivos:&nbsp; Conhecer o processo hist\u00f3rico de constru\u00e7\u00e3o da Serra e acessar a origem de conflitos existentes na hist\u00f3ria do munic\u00edpio.&nbsp; Colocar-se como parte de uma hist\u00f3ria em constru\u00e7\u00e3o.&nbsp; Inferir ideias impl\u00edcitas nos textos e compreender a ideia central de um texto.&nbsp; Aprender a planejar a escrita e criar dentro [&hellip;]\" \/>\n<meta property=\"og:url\" content=\"https:\/\/educacaointegral.org.br\/especiais\/educacao-integral-na-serra\/2021\/04\/30\/narrar-para-conhecer-quadrinhos-que-contam\/\" \/>\n<meta property=\"og:site_name\" content=\"Educa\u00e7\u00e3o Integral na Serra\" \/>\n<meta property=\"article:published_time\" content=\"2021-04-30T17:17:19+00:00\" \/>\n<meta property=\"article:modified_time\" content=\"2021-04-30T17:26:36+00:00\" \/>\n<meta property=\"og:image\" content=\"https:\/\/educacaointegral.org.br\/especiais\/educacao-integral-na-serra\/wp-content\/uploads\/sites\/5\/2021\/04\/icon-planeje-verde.png\" \/>\n<meta name=\"author\" content=\"adminAprendiz\" \/>\n<meta name=\"twitter:card\" content=\"summary_large_image\" \/>\n<meta name=\"twitter:label1\" content=\"Escrito por\" \/>\n\t<meta name=\"twitter:data1\" content=\"adminAprendiz\" \/>\n\t<meta name=\"twitter:label2\" content=\"Est. tempo de leitura\" \/>\n\t<meta name=\"twitter:data2\" content=\"2 minutos\" \/>\n<script type=\"application\/ld+json\" class=\"yoast-schema-graph\">{\"@context\":\"https:\/\/schema.org\",\"@graph\":[{\"@type\":\"WebPage\",\"@id\":\"https:\/\/educacaointegral.org.br\/especiais\/educacao-integral-na-serra\/2021\/04\/30\/narrar-para-conhecer-quadrinhos-que-contam\/\",\"url\":\"https:\/\/educacaointegral.org.br\/especiais\/educacao-integral-na-serra\/2021\/04\/30\/narrar-para-conhecer-quadrinhos-que-contam\/\",\"name\":\"Narrar para conhecer: quadrinhos que contam - Educa\u00e7\u00e3o Integral na Serra\",\"isPartOf\":{\"@id\":\"https:\/\/educacaointegral.org.br\/especiais\/educacao-integral-na-serra\/#website\"},\"datePublished\":\"2021-04-30T17:17:19+00:00\",\"dateModified\":\"2021-04-30T17:26:36+00:00\",\"author\":{\"@id\":\"https:\/\/educacaointegral.org.br\/especiais\/educacao-integral-na-serra\/#\/schema\/person\/a66e4367284eb709977eaceffea97678\"},\"breadcrumb\":{\"@id\":\"https:\/\/educacaointegral.org.br\/especiais\/educacao-integral-na-serra\/2021\/04\/30\/narrar-para-conhecer-quadrinhos-que-contam\/#breadcrumb\"},\"inLanguage\":\"pt-BR\",\"potentialAction\":[{\"@type\":\"ReadAction\",\"target\":[\"https:\/\/educacaointegral.org.br\/especiais\/educacao-integral-na-serra\/2021\/04\/30\/narrar-para-conhecer-quadrinhos-que-contam\/\"]}]},{\"@type\":\"BreadcrumbList\",\"@id\":\"https:\/\/educacaointegral.org.br\/especiais\/educacao-integral-na-serra\/2021\/04\/30\/narrar-para-conhecer-quadrinhos-que-contam\/#breadcrumb\",\"itemListElement\":[{\"@type\":\"ListItem\",\"position\":1,\"name\":\"In\u00edcio\",\"item\":\"https:\/\/educacaointegral.org.br\/especiais\/educacao-integral-na-serra\/\"},{\"@type\":\"ListItem\",\"position\":2,\"name\":\"Narrar para conhecer: quadrinhos que contam\"}]},{\"@type\":\"WebSite\",\"@id\":\"https:\/\/educacaointegral.org.br\/especiais\/educacao-integral-na-serra\/#website\",\"url\":\"https:\/\/educacaointegral.org.br\/especiais\/educacao-integral-na-serra\/\",\"name\":\"Educa\u00e7\u00e3o Integral na Serra\",\"description\":\"Educa\u00e7\u00e3o Integral e Territ\u00f3rios Educativos nas Pr\u00e1ticas Pedag\u00f3gicas da rede municipal de ensino de Serra\",\"potentialAction\":[{\"@type\":\"SearchAction\",\"target\":{\"@type\":\"EntryPoint\",\"urlTemplate\":\"https:\/\/educacaointegral.org.br\/especiais\/educacao-integral-na-serra\/?s={search_term_string}\"},\"query-input\":\"required name=search_term_string\"}],\"inLanguage\":\"pt-BR\"},{\"@type\":\"Person\",\"@id\":\"https:\/\/educacaointegral.org.br\/especiais\/educacao-integral-na-serra\/#\/schema\/person\/a66e4367284eb709977eaceffea97678\",\"name\":\"adminAprendiz\",\"image\":{\"@type\":\"ImageObject\",\"inLanguage\":\"pt-BR\",\"@id\":\"https:\/\/educacaointegral.org.br\/especiais\/educacao-integral-na-serra\/#\/schema\/person\/image\/\",\"url\":\"https:\/\/secure.gravatar.com\/avatar\/2c1508892e383f1f83fa78473fbd7041?s=96&d=mm&r=g\",\"contentUrl\":\"https:\/\/secure.gravatar.com\/avatar\/2c1508892e383f1f83fa78473fbd7041?s=96&d=mm&r=g\",\"caption\":\"adminAprendiz\"},\"url\":\"https:\/\/educacaointegral.org.br\/especiais\/educacao-integral-na-serra\/author\/adminaprendiz\/\"}]}<\/script>\n<!-- \/ Yoast SEO plugin. -->","yoast_head_json":{"title":"Narrar para conhecer: quadrinhos que contam - Educa\u00e7\u00e3o Integral na Serra","robots":{"index":"index","follow":"follow","max-snippet":"max-snippet:-1","max-image-preview":"max-image-preview:large","max-video-preview":"max-video-preview:-1"},"canonical":"https:\/\/educacaointegral.org.br\/especiais\/educacao-integral-na-serra\/2021\/04\/30\/narrar-para-conhecer-quadrinhos-que-contam\/","og_locale":"pt_BR","og_type":"article","og_title":"Narrar para conhecer: quadrinhos que contam - Educa\u00e7\u00e3o Integral na Serra","og_description":"Etapa: &nbsp;2\u00ba ano do Ensino Fundamental Objetivos:&nbsp; Conhecer o processo hist\u00f3rico de constru\u00e7\u00e3o da Serra e acessar a origem de conflitos existentes na hist\u00f3ria do munic\u00edpio.&nbsp; Colocar-se como parte de uma hist\u00f3ria em constru\u00e7\u00e3o.&nbsp; Inferir ideias impl\u00edcitas nos textos e compreender a ideia central de um texto.&nbsp; Aprender a planejar a escrita e criar dentro [&hellip;]","og_url":"https:\/\/educacaointegral.org.br\/especiais\/educacao-integral-na-serra\/2021\/04\/30\/narrar-para-conhecer-quadrinhos-que-contam\/","og_site_name":"Educa\u00e7\u00e3o Integral na Serra","article_published_time":"2021-04-30T17:17:19+00:00","article_modified_time":"2021-04-30T17:26:36+00:00","og_image":[{"url":"https:\/\/educacaointegral.org.br\/especiais\/educacao-integral-na-serra\/wp-content\/uploads\/sites\/5\/2021\/04\/icon-planeje-verde.png"}],"author":"adminAprendiz","twitter_card":"summary_large_image","twitter_misc":{"Escrito por":"adminAprendiz","Est. tempo de leitura":"2 minutos"},"schema":{"@context":"https:\/\/schema.org","@graph":[{"@type":"WebPage","@id":"https:\/\/educacaointegral.org.br\/especiais\/educacao-integral-na-serra\/2021\/04\/30\/narrar-para-conhecer-quadrinhos-que-contam\/","url":"https:\/\/educacaointegral.org.br\/especiais\/educacao-integral-na-serra\/2021\/04\/30\/narrar-para-conhecer-quadrinhos-que-contam\/","name":"Narrar para conhecer: quadrinhos que contam - Educa\u00e7\u00e3o Integral na Serra","isPartOf":{"@id":"https:\/\/educacaointegral.org.br\/especiais\/educacao-integral-na-serra\/#website"},"datePublished":"2021-04-30T17:17:19+00:00","dateModified":"2021-04-30T17:26:36+00:00","author":{"@id":"https:\/\/educacaointegral.org.br\/especiais\/educacao-integral-na-serra\/#\/schema\/person\/a66e4367284eb709977eaceffea97678"},"breadcrumb":{"@id":"https:\/\/educacaointegral.org.br\/especiais\/educacao-integral-na-serra\/2021\/04\/30\/narrar-para-conhecer-quadrinhos-que-contam\/#breadcrumb"},"inLanguage":"pt-BR","potentialAction":[{"@type":"ReadAction","target":["https:\/\/educacaointegral.org.br\/especiais\/educacao-integral-na-serra\/2021\/04\/30\/narrar-para-conhecer-quadrinhos-que-contam\/"]}]},{"@type":"BreadcrumbList","@id":"https:\/\/educacaointegral.org.br\/especiais\/educacao-integral-na-serra\/2021\/04\/30\/narrar-para-conhecer-quadrinhos-que-contam\/#breadcrumb","itemListElement":[{"@type":"ListItem","position":1,"name":"In\u00edcio","item":"https:\/\/educacaointegral.org.br\/especiais\/educacao-integral-na-serra\/"},{"@type":"ListItem","position":2,"name":"Narrar para conhecer: quadrinhos que contam"}]},{"@type":"WebSite","@id":"https:\/\/educacaointegral.org.br\/especiais\/educacao-integral-na-serra\/#website","url":"https:\/\/educacaointegral.org.br\/especiais\/educacao-integral-na-serra\/","name":"Educa\u00e7\u00e3o Integral na Serra","description":"Educa\u00e7\u00e3o Integral e Territ\u00f3rios Educativos nas Pr\u00e1ticas Pedag\u00f3gicas da rede municipal de ensino de Serra","potentialAction":[{"@type":"SearchAction","target":{"@type":"EntryPoint","urlTemplate":"https:\/\/educacaointegral.org.br\/especiais\/educacao-integral-na-serra\/?s={search_term_string}"},"query-input":"required name=search_term_string"}],"inLanguage":"pt-BR"},{"@type":"Person","@id":"https:\/\/educacaointegral.org.br\/especiais\/educacao-integral-na-serra\/#\/schema\/person\/a66e4367284eb709977eaceffea97678","name":"adminAprendiz","image":{"@type":"ImageObject","inLanguage":"pt-BR","@id":"https:\/\/educacaointegral.org.br\/especiais\/educacao-integral-na-serra\/#\/schema\/person\/image\/","url":"https:\/\/secure.gravatar.com\/avatar\/2c1508892e383f1f83fa78473fbd7041?s=96&d=mm&r=g","contentUrl":"https:\/\/secure.gravatar.com\/avatar\/2c1508892e383f1f83fa78473fbd7041?s=96&d=mm&r=g","caption":"adminAprendiz"},"url":"https:\/\/educacaointegral.org.br\/especiais\/educacao-integral-na-serra\/author\/adminaprendiz\/"}]}},"_links":{"self":[{"href":"https:\/\/educacaointegral.org.br\/especiais\/educacao-integral-na-serra\/wp-json\/wp\/v2\/posts\/61"}],"collection":[{"href":"https:\/\/educacaointegral.org.br\/especiais\/educacao-integral-na-serra\/wp-json\/wp\/v2\/posts"}],"about":[{"href":"https:\/\/educacaointegral.org.br\/especiais\/educacao-integral-na-serra\/wp-json\/wp\/v2\/types\/post"}],"author":[{"embeddable":true,"href":"https:\/\/educacaointegral.org.br\/especiais\/educacao-integral-na-serra\/wp-json\/wp\/v2\/users\/1"}],"replies":[{"embeddable":true,"href":"https:\/\/educacaointegral.org.br\/especiais\/educacao-integral-na-serra\/wp-json\/wp\/v2\/comments?post=61"}],"version-history":[{"count":3,"href":"https:\/\/educacaointegral.org.br\/especiais\/educacao-integral-na-serra\/wp-json\/wp\/v2\/posts\/61\/revisions"}],"predecessor-version":[{"id":70,"href":"https:\/\/educacaointegral.org.br\/especiais\/educacao-integral-na-serra\/wp-json\/wp\/v2\/posts\/61\/revisions\/70"}],"wp:attachment":[{"href":"https:\/\/educacaointegral.org.br\/especiais\/educacao-integral-na-serra\/wp-json\/wp\/v2\/media?parent=61"}],"wp:term":[{"taxonomy":"category","embeddable":true,"href":"https:\/\/educacaointegral.org.br\/especiais\/educacao-integral-na-serra\/wp-json\/wp\/v2\/categories?post=61"},{"taxonomy":"post_tag","embeddable":true,"href":"https:\/\/educacaointegral.org.br\/especiais\/educacao-integral-na-serra\/wp-json\/wp\/v2\/tags?post=61"}],"curies":[{"name":"wp","href":"https:\/\/api.w.org\/{rel}","templated":true}]}}