{"id":57,"date":"2021-04-30T14:00:29","date_gmt":"2021-04-30T17:00:29","guid":{"rendered":"https:\/\/educacaointegral.org.br\/especiais\/educacao-integral-na-serra\/?p=57"},"modified":"2021-04-30T14:00:29","modified_gmt":"2021-04-30T17:00:29","slug":"pesquisar-e-escrever-para-aprender","status":"publish","type":"post","link":"https:\/\/educacaointegral.org.br\/especiais\/educacao-integral-na-serra\/2021\/04\/30\/pesquisar-e-escrever-para-aprender\/","title":{"rendered":"Pesquisar e escrever para aprender"},"content":{"rendered":"\n<div class=\"wp-container-1 wp-block-buttons alignright is-content-justification-right\">\n<div class=\"wp-block-button btn-baixe\"><a class=\"wp-block-button__link has-background\" style=\"background-color:#00a2a8;border-radius:46px\">Baixe essa pr\u00e1tica<\/a><\/div>\n<\/div>\n\n\n\n<div style=\"height:26px\" aria-hidden=\"true\" class=\"wp-block-spacer\"><\/div>\n\n\n\n<div class=\"wp-block-columns\">\n<div class=\"wp-block-column\" style=\"flex-basis:20%\">\n<div class=\"wp-block-image\"><figure class=\"alignright size-large\"><img loading=\"lazy\" width=\"92\" height=\"113\" src=\"https:\/\/educacaointegral.org.br\/especiais\/educacao-integral-na-serra\/wp-content\/uploads\/sites\/5\/2021\/04\/icon-planeje-verde.png\" alt=\"\" class=\"wp-image-42\"\/><\/figure><\/div>\n\n\n\n<p><\/p>\n<\/div>\n\n\n\n<div class=\"wp-block-column\">\n<p><strong>Etapa:<\/strong> \u00a03\u00ba ano do Ensino Fundamental<\/p>\n\n\n\n<p><strong>Objetivos:<\/strong>&nbsp;<\/p>\n\n\n\n<ul><li>Conhecer e utilizar os diferentes g\u00eaneros textuais.\u00a0<\/li><li>Desenvolver a leitura oral com autonomia, flu\u00eancia, compreens\u00e3o e expressividade, considerando as demandas do texto lido.\u00a0<\/li><li>Promover a intera\u00e7\u00e3o familiar.\u00a0<\/li><li>Conhecer lendas do Munic\u00edpio da Serra (ES).\u00a0<\/li><li>Estimular o uso do dicion\u00e1rio para a verifica\u00e7\u00e3o da grafia correta e significados das palavras.<\/li><\/ul>\n\n\n\n<p><strong><strong>Tempo para a atividade<\/strong>:<\/strong>  1 aula<\/p>\n<\/div>\n<\/div>\n\n\n\n<hr class=\"wp-block-separator has-text-color has-background has-very-light-gray-background-color has-very-light-gray-color is-style-default\"\/>\n\n\n\n<div class=\"wp-block-columns\">\n<div class=\"wp-block-column\" style=\"flex-basis:20%\">\n<div class=\"wp-block-image\"><figure class=\"alignright size-large\"><img loading=\"lazy\" width=\"141\" height=\"120\" src=\"https:\/\/educacaointegral.org.br\/especiais\/educacao-integral-na-serra\/wp-content\/uploads\/sites\/5\/2021\/04\/icon-implemente-verde.png\" alt=\"\" class=\"wp-image-43\"\/><\/figure><\/div>\n<\/div>\n\n\n\n<div class=\"wp-block-column\">\n<p><strong>Intencionalidades pedag\u00f3gicas: <\/strong>Investigar temas de interesse cient\u00edfico e cultural acerca do munic\u00edpio da Serra (ES), reconhecendo os diferentes fatores que fazem parte da hist\u00f3ria do munic\u00edpio, sua coletividade, as transforma\u00e7\u00f5es das paisagens e valorizando a comunidade. Desenvolver atividades que ampliem o repert\u00f3rio lingu\u00edstico dos estudantes e favore\u00e7am a aprendizagem.<\/p>\n\n\n\n<p><strong>Como acontece: <\/strong>Fa\u00e7a a leitura do texto \u201cLenda das \u00e1guas\u201d:<\/p>\n\n\n\n<p class=\"has-text-color has-luminous-vivid-orange-color\">{{{{ imagem }}}}<\/p>\n\n\n\n<p>Oriente que os (as) estudantes realizem a leitura mais de uma vez para melhor assimila\u00e7\u00e3o e compreens\u00e3o. \u00c9 indicado que algu\u00e9m da fam\u00edlia acompanhe o processo de leitura para fazer as devidas orienta\u00e7\u00f5es, se necess\u00e1rio. Em seguida, solicite uma pesquisa escrita, que pode ser registrada no caderno de Ci\u00eancias, para descobrir os nomes de alguns rios, lagos e lagoas que existem no munic\u00edpio da Serra. Depois, oriente que cada estudante escolha um desses recursos naturais para fazer um registro mais detalhado:<\/p>\n\n\n\n<ol><li>Em que localidade fica?<\/li><li>Esse local \u00e9 muito frequentado por pessoas?<\/li><li>Existem animais neste ambiente?<\/li><li>O local est\u00e1 com a natureza preservada?<\/li><li>O que voc\u00ea faria para melhorar este local?&nbsp;<\/li><\/ol>\n\n\n\n<p>Depois desse momento, os (as) estudantes dever\u00e3o pesquisar figuras de rios preservados e n\u00e3o preservados e escrever o que os seres humanos fizeram para tornar esse ambiente modificado.&nbsp;<\/p>\n\n\n\n<p>A participa\u00e7\u00e3o da fam\u00edlia \u00e9 muito importante na realiza\u00e7\u00e3o das atividades propostas, por isso, o familiar que for acompanhar as produ\u00e7\u00f5es do estudante auxilia nas fontes de pesquisa (livros, internet, revistas, blogs, sites etc.) e nas reflex\u00f5es, conversando sobre os assuntos que permeiam a atividade. \u00c9 importante levar a crian\u00e7a a relacionar \u201cA lenda das \u00e1guas\u201d com a pesquisa realizada.&nbsp;<\/p>\n\n\n\n<p><\/p>\n<\/div>\n<\/div>\n\n\n\n<hr class=\"wp-block-separator has-text-color has-background has-very-light-gray-background-color has-very-light-gray-color is-style-default\"\/>\n\n\n\n<div class=\"wp-block-columns\">\n<div class=\"wp-block-column\" style=\"flex-basis:20%\">\n<div class=\"wp-block-image\"><figure class=\"alignright size-large\"><img loading=\"lazy\" width=\"136\" height=\"108\" src=\"https:\/\/educacaointegral.org.br\/especiais\/educacao-integral-na-serra\/wp-content\/uploads\/sites\/5\/2021\/04\/icon-fica-a-dica-verde.png\" alt=\"\" class=\"wp-image-44\"\/><\/figure><\/div>\n<\/div>\n\n\n\n<div class=\"wp-block-column\">\n<ul><li>A sugest\u00e3o \u00e9 que esta atividade seja realizada em condi\u00e7\u00f5es de aulas remotas ou afastamento social.<\/li><li>Assistir a s\u00e9rie \u201cKauan e a lenda das \u00e1guas\u201d, produzido por Magna Cultural. Trata-se de uma s\u00e9rie de anima\u00e7\u00e3o infantil que aborda a rela\u00e7\u00e3o com os rios e a necessidade de preserva\u00e7\u00e3o. Dispon\u00edvel em <a href=\"https:\/\/www.youtube.com\/watch?v=44EXD1DM4Gs&amp;t=14s\" target=\"_blank\" rel=\"noreferrer noopener\">https:\/\/www.youtube.com\/watch?v=44EXD1DM4Gs&amp;t=14s<\/a><\/li><\/ul>\n<\/div>\n<\/div>\n\n\n\n<p><\/p>\n","protected":false},"excerpt":{"rendered":"<p>Etapa: \u00a03\u00ba ano do Ensino Fundamental Objetivos:&nbsp; Conhecer e utilizar os diferentes g\u00eaneros textuais.\u00a0 Desenvolver a leitura oral com autonomia, flu\u00eancia, compreens\u00e3o e expressividade, considerando as demandas do texto lido.\u00a0 Promover a intera\u00e7\u00e3o familiar.\u00a0 Conhecer lendas do Munic\u00edpio da Serra (ES).\u00a0 Estimular o uso do dicion\u00e1rio para a verifica\u00e7\u00e3o da grafia correta e significados das [&hellip;]<\/p>\n","protected":false},"author":1,"featured_media":0,"comment_status":"open","ping_status":"open","sticky":false,"template":"","format":"standard","meta":[],"categories":[4],"tags":[],"yoast_head":"<!-- This site is optimized with the Yoast SEO plugin v19.13 - https:\/\/yoast.com\/wordpress\/plugins\/seo\/ -->\n<title>Pesquisar e escrever para aprender - Educa\u00e7\u00e3o Integral na Serra<\/title>\n<meta name=\"robots\" content=\"index, follow, max-snippet:-1, max-image-preview:large, max-video-preview:-1\" \/>\n<link rel=\"canonical\" href=\"https:\/\/educacaointegral.org.br\/especiais\/educacao-integral-na-serra\/2021\/04\/30\/pesquisar-e-escrever-para-aprender\/\" \/>\n<meta property=\"og:locale\" content=\"pt_BR\" \/>\n<meta property=\"og:type\" content=\"article\" \/>\n<meta property=\"og:title\" content=\"Pesquisar e escrever para aprender - Educa\u00e7\u00e3o Integral na Serra\" \/>\n<meta property=\"og:description\" content=\"Etapa: \u00a03\u00ba ano do Ensino Fundamental Objetivos:&nbsp; Conhecer e utilizar os diferentes g\u00eaneros textuais.\u00a0 Desenvolver a leitura oral com autonomia, flu\u00eancia, compreens\u00e3o e expressividade, considerando as demandas do texto lido.\u00a0 Promover a intera\u00e7\u00e3o familiar.\u00a0 Conhecer lendas do Munic\u00edpio da Serra (ES).\u00a0 Estimular o uso do dicion\u00e1rio para a verifica\u00e7\u00e3o da grafia correta e significados das [&hellip;]\" \/>\n<meta property=\"og:url\" content=\"https:\/\/educacaointegral.org.br\/especiais\/educacao-integral-na-serra\/2021\/04\/30\/pesquisar-e-escrever-para-aprender\/\" \/>\n<meta property=\"og:site_name\" content=\"Educa\u00e7\u00e3o Integral na Serra\" \/>\n<meta property=\"article:published_time\" content=\"2021-04-30T17:00:29+00:00\" \/>\n<meta property=\"og:image\" content=\"https:\/\/educacaointegral.org.br\/especiais\/educacao-integral-na-serra\/wp-content\/uploads\/sites\/5\/2021\/04\/icon-planeje-verde.png\" \/>\n<meta name=\"author\" content=\"adminAprendiz\" \/>\n<meta name=\"twitter:card\" content=\"summary_large_image\" \/>\n<meta name=\"twitter:label1\" content=\"Escrito por\" \/>\n\t<meta name=\"twitter:data1\" content=\"adminAprendiz\" \/>\n\t<meta name=\"twitter:label2\" content=\"Est. tempo de leitura\" \/>\n\t<meta name=\"twitter:data2\" content=\"2 minutos\" \/>\n<script type=\"application\/ld+json\" class=\"yoast-schema-graph\">{\"@context\":\"https:\/\/schema.org\",\"@graph\":[{\"@type\":\"WebPage\",\"@id\":\"https:\/\/educacaointegral.org.br\/especiais\/educacao-integral-na-serra\/2021\/04\/30\/pesquisar-e-escrever-para-aprender\/\",\"url\":\"https:\/\/educacaointegral.org.br\/especiais\/educacao-integral-na-serra\/2021\/04\/30\/pesquisar-e-escrever-para-aprender\/\",\"name\":\"Pesquisar e escrever para aprender - Educa\u00e7\u00e3o Integral na Serra\",\"isPartOf\":{\"@id\":\"https:\/\/educacaointegral.org.br\/especiais\/educacao-integral-na-serra\/#website\"},\"datePublished\":\"2021-04-30T17:00:29+00:00\",\"dateModified\":\"2021-04-30T17:00:29+00:00\",\"author\":{\"@id\":\"https:\/\/educacaointegral.org.br\/especiais\/educacao-integral-na-serra\/#\/schema\/person\/a66e4367284eb709977eaceffea97678\"},\"breadcrumb\":{\"@id\":\"https:\/\/educacaointegral.org.br\/especiais\/educacao-integral-na-serra\/2021\/04\/30\/pesquisar-e-escrever-para-aprender\/#breadcrumb\"},\"inLanguage\":\"pt-BR\",\"potentialAction\":[{\"@type\":\"ReadAction\",\"target\":[\"https:\/\/educacaointegral.org.br\/especiais\/educacao-integral-na-serra\/2021\/04\/30\/pesquisar-e-escrever-para-aprender\/\"]}]},{\"@type\":\"BreadcrumbList\",\"@id\":\"https:\/\/educacaointegral.org.br\/especiais\/educacao-integral-na-serra\/2021\/04\/30\/pesquisar-e-escrever-para-aprender\/#breadcrumb\",\"itemListElement\":[{\"@type\":\"ListItem\",\"position\":1,\"name\":\"In\u00edcio\",\"item\":\"https:\/\/educacaointegral.org.br\/especiais\/educacao-integral-na-serra\/\"},{\"@type\":\"ListItem\",\"position\":2,\"name\":\"Pesquisar e escrever para aprender\"}]},{\"@type\":\"WebSite\",\"@id\":\"https:\/\/educacaointegral.org.br\/especiais\/educacao-integral-na-serra\/#website\",\"url\":\"https:\/\/educacaointegral.org.br\/especiais\/educacao-integral-na-serra\/\",\"name\":\"Educa\u00e7\u00e3o Integral na Serra\",\"description\":\"Educa\u00e7\u00e3o Integral e Territ\u00f3rios Educativos nas Pr\u00e1ticas Pedag\u00f3gicas da rede municipal de ensino de Serra\",\"potentialAction\":[{\"@type\":\"SearchAction\",\"target\":{\"@type\":\"EntryPoint\",\"urlTemplate\":\"https:\/\/educacaointegral.org.br\/especiais\/educacao-integral-na-serra\/?s={search_term_string}\"},\"query-input\":\"required name=search_term_string\"}],\"inLanguage\":\"pt-BR\"},{\"@type\":\"Person\",\"@id\":\"https:\/\/educacaointegral.org.br\/especiais\/educacao-integral-na-serra\/#\/schema\/person\/a66e4367284eb709977eaceffea97678\",\"name\":\"adminAprendiz\",\"image\":{\"@type\":\"ImageObject\",\"inLanguage\":\"pt-BR\",\"@id\":\"https:\/\/educacaointegral.org.br\/especiais\/educacao-integral-na-serra\/#\/schema\/person\/image\/\",\"url\":\"https:\/\/secure.gravatar.com\/avatar\/2c1508892e383f1f83fa78473fbd7041?s=96&d=mm&r=g\",\"contentUrl\":\"https:\/\/secure.gravatar.com\/avatar\/2c1508892e383f1f83fa78473fbd7041?s=96&d=mm&r=g\",\"caption\":\"adminAprendiz\"},\"url\":\"https:\/\/educacaointegral.org.br\/especiais\/educacao-integral-na-serra\/author\/adminaprendiz\/\"}]}<\/script>\n<!-- \/ Yoast SEO plugin. -->","yoast_head_json":{"title":"Pesquisar e escrever para aprender - Educa\u00e7\u00e3o Integral na Serra","robots":{"index":"index","follow":"follow","max-snippet":"max-snippet:-1","max-image-preview":"max-image-preview:large","max-video-preview":"max-video-preview:-1"},"canonical":"https:\/\/educacaointegral.org.br\/especiais\/educacao-integral-na-serra\/2021\/04\/30\/pesquisar-e-escrever-para-aprender\/","og_locale":"pt_BR","og_type":"article","og_title":"Pesquisar e escrever para aprender - Educa\u00e7\u00e3o Integral na Serra","og_description":"Etapa: \u00a03\u00ba ano do Ensino Fundamental Objetivos:&nbsp; Conhecer e utilizar os diferentes g\u00eaneros textuais.\u00a0 Desenvolver a leitura oral com autonomia, flu\u00eancia, compreens\u00e3o e expressividade, considerando as demandas do texto lido.\u00a0 Promover a intera\u00e7\u00e3o familiar.\u00a0 Conhecer lendas do Munic\u00edpio da Serra (ES).\u00a0 Estimular o uso do dicion\u00e1rio para a verifica\u00e7\u00e3o da grafia correta e significados das [&hellip;]","og_url":"https:\/\/educacaointegral.org.br\/especiais\/educacao-integral-na-serra\/2021\/04\/30\/pesquisar-e-escrever-para-aprender\/","og_site_name":"Educa\u00e7\u00e3o Integral na Serra","article_published_time":"2021-04-30T17:00:29+00:00","og_image":[{"url":"https:\/\/educacaointegral.org.br\/especiais\/educacao-integral-na-serra\/wp-content\/uploads\/sites\/5\/2021\/04\/icon-planeje-verde.png"}],"author":"adminAprendiz","twitter_card":"summary_large_image","twitter_misc":{"Escrito por":"adminAprendiz","Est. tempo de leitura":"2 minutos"},"schema":{"@context":"https:\/\/schema.org","@graph":[{"@type":"WebPage","@id":"https:\/\/educacaointegral.org.br\/especiais\/educacao-integral-na-serra\/2021\/04\/30\/pesquisar-e-escrever-para-aprender\/","url":"https:\/\/educacaointegral.org.br\/especiais\/educacao-integral-na-serra\/2021\/04\/30\/pesquisar-e-escrever-para-aprender\/","name":"Pesquisar e escrever para aprender - Educa\u00e7\u00e3o Integral na Serra","isPartOf":{"@id":"https:\/\/educacaointegral.org.br\/especiais\/educacao-integral-na-serra\/#website"},"datePublished":"2021-04-30T17:00:29+00:00","dateModified":"2021-04-30T17:00:29+00:00","author":{"@id":"https:\/\/educacaointegral.org.br\/especiais\/educacao-integral-na-serra\/#\/schema\/person\/a66e4367284eb709977eaceffea97678"},"breadcrumb":{"@id":"https:\/\/educacaointegral.org.br\/especiais\/educacao-integral-na-serra\/2021\/04\/30\/pesquisar-e-escrever-para-aprender\/#breadcrumb"},"inLanguage":"pt-BR","potentialAction":[{"@type":"ReadAction","target":["https:\/\/educacaointegral.org.br\/especiais\/educacao-integral-na-serra\/2021\/04\/30\/pesquisar-e-escrever-para-aprender\/"]}]},{"@type":"BreadcrumbList","@id":"https:\/\/educacaointegral.org.br\/especiais\/educacao-integral-na-serra\/2021\/04\/30\/pesquisar-e-escrever-para-aprender\/#breadcrumb","itemListElement":[{"@type":"ListItem","position":1,"name":"In\u00edcio","item":"https:\/\/educacaointegral.org.br\/especiais\/educacao-integral-na-serra\/"},{"@type":"ListItem","position":2,"name":"Pesquisar e escrever para aprender"}]},{"@type":"WebSite","@id":"https:\/\/educacaointegral.org.br\/especiais\/educacao-integral-na-serra\/#website","url":"https:\/\/educacaointegral.org.br\/especiais\/educacao-integral-na-serra\/","name":"Educa\u00e7\u00e3o Integral na Serra","description":"Educa\u00e7\u00e3o Integral e Territ\u00f3rios Educativos nas Pr\u00e1ticas Pedag\u00f3gicas da rede municipal de ensino de Serra","potentialAction":[{"@type":"SearchAction","target":{"@type":"EntryPoint","urlTemplate":"https:\/\/educacaointegral.org.br\/especiais\/educacao-integral-na-serra\/?s={search_term_string}"},"query-input":"required name=search_term_string"}],"inLanguage":"pt-BR"},{"@type":"Person","@id":"https:\/\/educacaointegral.org.br\/especiais\/educacao-integral-na-serra\/#\/schema\/person\/a66e4367284eb709977eaceffea97678","name":"adminAprendiz","image":{"@type":"ImageObject","inLanguage":"pt-BR","@id":"https:\/\/educacaointegral.org.br\/especiais\/educacao-integral-na-serra\/#\/schema\/person\/image\/","url":"https:\/\/secure.gravatar.com\/avatar\/2c1508892e383f1f83fa78473fbd7041?s=96&d=mm&r=g","contentUrl":"https:\/\/secure.gravatar.com\/avatar\/2c1508892e383f1f83fa78473fbd7041?s=96&d=mm&r=g","caption":"adminAprendiz"},"url":"https:\/\/educacaointegral.org.br\/especiais\/educacao-integral-na-serra\/author\/adminaprendiz\/"}]}},"_links":{"self":[{"href":"https:\/\/educacaointegral.org.br\/especiais\/educacao-integral-na-serra\/wp-json\/wp\/v2\/posts\/57"}],"collection":[{"href":"https:\/\/educacaointegral.org.br\/especiais\/educacao-integral-na-serra\/wp-json\/wp\/v2\/posts"}],"about":[{"href":"https:\/\/educacaointegral.org.br\/especiais\/educacao-integral-na-serra\/wp-json\/wp\/v2\/types\/post"}],"author":[{"embeddable":true,"href":"https:\/\/educacaointegral.org.br\/especiais\/educacao-integral-na-serra\/wp-json\/wp\/v2\/users\/1"}],"replies":[{"embeddable":true,"href":"https:\/\/educacaointegral.org.br\/especiais\/educacao-integral-na-serra\/wp-json\/wp\/v2\/comments?post=57"}],"version-history":[{"count":1,"href":"https:\/\/educacaointegral.org.br\/especiais\/educacao-integral-na-serra\/wp-json\/wp\/v2\/posts\/57\/revisions"}],"predecessor-version":[{"id":58,"href":"https:\/\/educacaointegral.org.br\/especiais\/educacao-integral-na-serra\/wp-json\/wp\/v2\/posts\/57\/revisions\/58"}],"wp:attachment":[{"href":"https:\/\/educacaointegral.org.br\/especiais\/educacao-integral-na-serra\/wp-json\/wp\/v2\/media?parent=57"}],"wp:term":[{"taxonomy":"category","embeddable":true,"href":"https:\/\/educacaointegral.org.br\/especiais\/educacao-integral-na-serra\/wp-json\/wp\/v2\/categories?post=57"},{"taxonomy":"post_tag","embeddable":true,"href":"https:\/\/educacaointegral.org.br\/especiais\/educacao-integral-na-serra\/wp-json\/wp\/v2\/tags?post=57"}],"curies":[{"name":"wp","href":"https:\/\/api.w.org\/{rel}","templated":true}]}}