{"id":55,"date":"2021-04-30T13:56:18","date_gmt":"2021-04-30T16:56:18","guid":{"rendered":"https:\/\/educacaointegral.org.br\/especiais\/educacao-integral-na-serra\/?p=55"},"modified":"2021-04-30T13:56:19","modified_gmt":"2021-04-30T16:56:19","slug":"o-que-e-ser-crianca","status":"publish","type":"post","link":"https:\/\/educacaointegral.org.br\/especiais\/educacao-integral-na-serra\/2021\/04\/30\/o-que-e-ser-crianca\/","title":{"rendered":"O que \u00e9 ser crian\u00e7a?"},"content":{"rendered":"\n<div class=\"wp-container-1 wp-block-buttons alignright is-content-justification-right\">\n<div class=\"wp-block-button btn-baixe\"><a class=\"wp-block-button__link has-background\" style=\"background-color:#00a2a8;border-radius:46px\">Baixe essa pr\u00e1tica<\/a><\/div>\n<\/div>\n\n\n\n<div style=\"height:26px\" aria-hidden=\"true\" class=\"wp-block-spacer\"><\/div>\n\n\n\n<div class=\"wp-block-columns\">\n<div class=\"wp-block-column\" style=\"flex-basis:20%\">\n<div class=\"wp-block-image\"><figure class=\"alignright size-large\"><img loading=\"lazy\" width=\"92\" height=\"113\" src=\"https:\/\/educacaointegral.org.br\/especiais\/educacao-integral-na-serra\/wp-content\/uploads\/sites\/5\/2021\/04\/icon-planeje-verde.png\" alt=\"\" class=\"wp-image-42\"\/><\/figure><\/div>\n\n\n\n<p><\/p>\n<\/div>\n\n\n\n<div class=\"wp-block-column\">\n<p><strong>Etapa:<\/strong> &nbsp;5\u00ba ano do Ensino Fundamental<\/p>\n\n\n\n<p><strong>Objetivos:<\/strong>&nbsp;<\/p>\n\n\n\n<ul><li>Desenvolver a capacidade de fazer uso da linguagem oral e escrita.<\/li><li>Compreender a linguagem como elemento explicitado na imagem, no movimento e nas diferentes manifesta\u00e7\u00f5es culturais.\u00a0<\/li><li>Valorizar o contexto cultural do educando e as diferentes manifesta\u00e7\u00f5es art\u00edstico-culturais.<\/li><\/ul>\n\n\n\n<p><strong><strong>Tempo para a atividade<\/strong>:<\/strong>  2 semanas de aula<\/p>\n<\/div>\n<\/div>\n\n\n\n<hr class=\"wp-block-separator has-text-color has-background has-very-light-gray-background-color has-very-light-gray-color is-style-default\"\/>\n\n\n\n<div class=\"wp-block-columns\">\n<div class=\"wp-block-column\" style=\"flex-basis:20%\">\n<div class=\"wp-block-image\"><figure class=\"alignright size-large\"><img loading=\"lazy\" width=\"141\" height=\"120\" src=\"https:\/\/educacaointegral.org.br\/especiais\/educacao-integral-na-serra\/wp-content\/uploads\/sites\/5\/2021\/04\/icon-implemente-verde.png\" alt=\"\" class=\"wp-image-43\"\/><\/figure><\/div>\n<\/div>\n\n\n\n<div class=\"wp-block-column\">\n<p><strong>Intencionalidades pedag\u00f3gicas:<\/strong> A inten\u00e7\u00e3o \u00e9 trabalhar com as crian\u00e7as propostas did\u00e1ticas que favore\u00e7am o trabalho com o texto, o desenvolvimento da oralidade, das pr\u00e1ticas de leitura e de produ\u00e7\u00e3o de textos.\u00a0<\/p>\n\n\n\n<p><strong>Como acontece: <\/strong>A proposta \u00e9 uma sequ\u00eancia did\u00e1tica que poder\u00e1 ser desenvolvida no per\u00edodo de 2 semanas de aulas. 1) Iniciar a intera\u00e7\u00e3o recitando o poema de Cordel com o t\u00edtulo \u201cComo era bom ser crian\u00e7a\u201d, de Br\u00e1ulio Bessa, para as crian\u00e7as. Tamb\u00e9m \u00e9 poss\u00edvel apresentar o \u00e1udio da grava\u00e7\u00e3o ou ainda fazer um v\u00eddeo para ser compartilhado. \u00c1udio dispon\u00edvel em <a href=\"https:\/\/youtu.be\/keJT2b_dBiE\" target=\"_blank\" rel=\"noreferrer noopener\">https:\/\/youtu.be\/keJT2b_dBiE<\/a>. 2) Professores e familiares falam um pouco sobre o que foi a inf\u00e2ncia relatando que h\u00e1 momentos bons, mas, tamb\u00e9m, momentos ruins mesmo quando se \u00e9 crian\u00e7a, destacando que os adultos j\u00e1 foram da idade deles um dia. 3) Fa\u00e7a uma explana\u00e7\u00e3o sobre o que \u00e9, qual a hist\u00f3ria\/origem e as caracter\u00edsticas do g\u00eanero liter\u00e1rio cordel, por meio da escrita ou de v\u00eddeo-aula. 4) Ser\u00e1 que crian\u00e7a escreve e recita Cordel? Mas o que \u00e9 ser crian\u00e7a neste mundo? Fa\u00e7a provoca\u00e7\u00f5es para que a crian\u00e7a pense em seu dia a dia e se tem tudo o que precisa e quer como crian\u00e7a neste planeta. 5) Disponibilizar o v\u00eddeo com o t\u00edtulo \u201cCRIAN\u00c7A RECITANDO &#8211; POR FAVOR SENHOR ADULTO DEIXE A GENTE SER CRIAN\u00c7A\u201d, dispon\u00edvel em <a href=\"https:\/\/youtu.be\/PBuyK6XAwQQ\" target=\"_blank\" rel=\"noreferrer noopener\">https:\/\/youtu.be\/PBuyK6XAwQQ<\/a> 6) Triste n\u00e9! E voc\u00ea? Do que voc\u00ea precisa para ser crian\u00e7a? Solicite que a crian\u00e7a escreva um texto expressando o que ela pede aos adultos neste momento como parte de sua necessidade para viver sua inf\u00e2ncia. 7) Solicite \u00e0 fam\u00edlia que mostre \u00e0 crian\u00e7a fotos de quando era menor e que lhe conte algumas hist\u00f3rias (boas ou ruins) daqueles momentos registrados por meio das fotografias. 8) Disponibilize dois v\u00eddeos com o t\u00edtulo Ser crian\u00e7a: <a href=\"https:\/\/youtu.be\/L2n4jkNV4iw\" target=\"_blank\" rel=\"noreferrer noopener\">https:\/\/youtu.be\/L2n4jkNV4iw<\/a>\u00a0 e <a href=\"https:\/\/youtu.be\/jsLnb3OK1PM%2010\" target=\"_blank\" rel=\"noreferrer noopener\">https:\/\/youtu.be\/jsLnb3OK1PM 10<\/a>) Vamos agora escrever Um poema de Cordel com o mesmo t\u00edtulo da Clara e do Dudu: \u201cO que \u00e9 ser crian\u00e7a\u201d. N\u00e3o se esque\u00e7a do ritmo da fala, das rimas e de expressar o que sente no momento de recitar. 10) Agora \u00e9 a sua vez! Recite seu poema com o sentimento que quer passar (alegria, tristeza, encanto&#8230;), em voz alta, mexendo o corpo e mostrando que nesta vida ser crian\u00e7a \u00e9 um artista\/um escritor\/um compositor, uma estrela. Pe\u00e7a a um adulto para gravar a atividade como forma de lembran\u00e7a deste momento t\u00e3o importante: de aprendizado de uma cultura diferente e de entendimento que sua inf\u00e2ncia \u00e9 importante para o Mundo. Assim quando, no futuro, assistir a grava\u00e7\u00e3o ver\u00e1 que desde crian\u00e7a \u00e9 um escritor de sua pr\u00f3pria hist\u00f3ria. 11) Para finalizar, pe\u00e7a que as crian\u00e7as troquem com seus colegas, por e-mail ou grupo de WhatsApp a escrita e o v\u00eddeo produzido para que todos possam apreciar a arte e a beleza traduzida nos poemas infantis.<\/p>\n\n\n\n<p><\/p>\n<\/div>\n<\/div>\n\n\n\n<hr class=\"wp-block-separator has-text-color has-background has-very-light-gray-background-color has-very-light-gray-color is-style-default\"\/>\n\n\n\n<div class=\"wp-block-columns\">\n<div class=\"wp-block-column\" style=\"flex-basis:20%\">\n<div class=\"wp-block-image\"><figure class=\"alignright size-large\"><img loading=\"lazy\" width=\"136\" height=\"108\" src=\"https:\/\/educacaointegral.org.br\/especiais\/educacao-integral-na-serra\/wp-content\/uploads\/sites\/5\/2021\/04\/icon-fica-a-dica-verde.png\" alt=\"\" class=\"wp-image-44\"\/><\/figure><\/div>\n<\/div>\n\n\n\n<div class=\"wp-block-column\">\n<ul><li>A sugest\u00e3o \u00e9 que esta atividade seja realizada em condi\u00e7\u00f5es de aulas remotas ou afastamento social.&nbsp;<\/li><\/ul>\n\n\n\n<p>Na Universidade Federal de Alagoas (UFAL), Literatura de cordel \u00e9 inspira\u00e7\u00e3o para v\u00eddeo de preven\u00e7\u00e3o ao coronav\u00edrus. Para assistir e conhecer a hist\u00f3ria desta produ\u00e7\u00e3o acesse <a href=\"https:\/\/ufal.br\/servidor\/noticias\/2020\/6\/literatura-de-cordel-e-inspiracao-para-video-de-prevencao-ao-coronavirus\" target=\"_blank\" rel=\"noreferrer noopener\">https:\/\/ufal.br\/servidor\/noticias\/2020\/6\/literatura-de-cordel-e-inspiracao-para-video-de-prevencao-ao-coronavirus<\/a><\/p>\n<\/div>\n<\/div>\n\n\n\n<p><\/p>\n","protected":false},"excerpt":{"rendered":"<p>Etapa: &nbsp;5\u00ba ano do Ensino Fundamental Objetivos:&nbsp; Desenvolver a capacidade de fazer uso da linguagem oral e escrita. Compreender a linguagem como elemento explicitado na imagem, no movimento e nas diferentes manifesta\u00e7\u00f5es culturais.\u00a0 Valorizar o contexto cultural do educando e as diferentes manifesta\u00e7\u00f5es art\u00edstico-culturais. Tempo para a atividade: 2 semanas de aula Intencionalidades pedag\u00f3gicas: A [&hellip;]<\/p>\n","protected":false},"author":1,"featured_media":0,"comment_status":"open","ping_status":"open","sticky":false,"template":"","format":"standard","meta":[],"categories":[4],"tags":[],"yoast_head":"<!-- This site is optimized with the Yoast SEO plugin v19.13 - https:\/\/yoast.com\/wordpress\/plugins\/seo\/ -->\n<title>O que \u00e9 ser crian\u00e7a? - Educa\u00e7\u00e3o Integral na Serra<\/title>\n<meta name=\"robots\" content=\"index, follow, max-snippet:-1, max-image-preview:large, max-video-preview:-1\" \/>\n<link rel=\"canonical\" href=\"https:\/\/educacaointegral.org.br\/especiais\/educacao-integral-na-serra\/2021\/04\/30\/o-que-e-ser-crianca\/\" \/>\n<meta property=\"og:locale\" content=\"pt_BR\" \/>\n<meta property=\"og:type\" content=\"article\" \/>\n<meta property=\"og:title\" content=\"O que \u00e9 ser crian\u00e7a? - Educa\u00e7\u00e3o Integral na Serra\" \/>\n<meta property=\"og:description\" content=\"Etapa: &nbsp;5\u00ba ano do Ensino Fundamental Objetivos:&nbsp; Desenvolver a capacidade de fazer uso da linguagem oral e escrita. Compreender a linguagem como elemento explicitado na imagem, no movimento e nas diferentes manifesta\u00e7\u00f5es culturais.\u00a0 Valorizar o contexto cultural do educando e as diferentes manifesta\u00e7\u00f5es art\u00edstico-culturais. Tempo para a atividade: 2 semanas de aula Intencionalidades pedag\u00f3gicas: A [&hellip;]\" \/>\n<meta property=\"og:url\" content=\"https:\/\/educacaointegral.org.br\/especiais\/educacao-integral-na-serra\/2021\/04\/30\/o-que-e-ser-crianca\/\" \/>\n<meta property=\"og:site_name\" content=\"Educa\u00e7\u00e3o Integral na Serra\" \/>\n<meta property=\"article:published_time\" content=\"2021-04-30T16:56:18+00:00\" \/>\n<meta property=\"article:modified_time\" content=\"2021-04-30T16:56:19+00:00\" \/>\n<meta property=\"og:image\" content=\"https:\/\/educacaointegral.org.br\/especiais\/educacao-integral-na-serra\/wp-content\/uploads\/sites\/5\/2021\/04\/icon-planeje-verde.png\" \/>\n<meta name=\"author\" content=\"adminAprendiz\" \/>\n<meta name=\"twitter:card\" content=\"summary_large_image\" \/>\n<meta name=\"twitter:label1\" content=\"Escrito por\" \/>\n\t<meta name=\"twitter:data1\" content=\"adminAprendiz\" \/>\n\t<meta name=\"twitter:label2\" content=\"Est. tempo de leitura\" \/>\n\t<meta name=\"twitter:data2\" content=\"3 minutos\" \/>\n<script type=\"application\/ld+json\" class=\"yoast-schema-graph\">{\"@context\":\"https:\/\/schema.org\",\"@graph\":[{\"@type\":\"WebPage\",\"@id\":\"https:\/\/educacaointegral.org.br\/especiais\/educacao-integral-na-serra\/2021\/04\/30\/o-que-e-ser-crianca\/\",\"url\":\"https:\/\/educacaointegral.org.br\/especiais\/educacao-integral-na-serra\/2021\/04\/30\/o-que-e-ser-crianca\/\",\"name\":\"O que \u00e9 ser crian\u00e7a? - Educa\u00e7\u00e3o Integral na Serra\",\"isPartOf\":{\"@id\":\"https:\/\/educacaointegral.org.br\/especiais\/educacao-integral-na-serra\/#website\"},\"datePublished\":\"2021-04-30T16:56:18+00:00\",\"dateModified\":\"2021-04-30T16:56:19+00:00\",\"author\":{\"@id\":\"https:\/\/educacaointegral.org.br\/especiais\/educacao-integral-na-serra\/#\/schema\/person\/a66e4367284eb709977eaceffea97678\"},\"breadcrumb\":{\"@id\":\"https:\/\/educacaointegral.org.br\/especiais\/educacao-integral-na-serra\/2021\/04\/30\/o-que-e-ser-crianca\/#breadcrumb\"},\"inLanguage\":\"pt-BR\",\"potentialAction\":[{\"@type\":\"ReadAction\",\"target\":[\"https:\/\/educacaointegral.org.br\/especiais\/educacao-integral-na-serra\/2021\/04\/30\/o-que-e-ser-crianca\/\"]}]},{\"@type\":\"BreadcrumbList\",\"@id\":\"https:\/\/educacaointegral.org.br\/especiais\/educacao-integral-na-serra\/2021\/04\/30\/o-que-e-ser-crianca\/#breadcrumb\",\"itemListElement\":[{\"@type\":\"ListItem\",\"position\":1,\"name\":\"In\u00edcio\",\"item\":\"https:\/\/educacaointegral.org.br\/especiais\/educacao-integral-na-serra\/\"},{\"@type\":\"ListItem\",\"position\":2,\"name\":\"O que \u00e9 ser crian\u00e7a?\"}]},{\"@type\":\"WebSite\",\"@id\":\"https:\/\/educacaointegral.org.br\/especiais\/educacao-integral-na-serra\/#website\",\"url\":\"https:\/\/educacaointegral.org.br\/especiais\/educacao-integral-na-serra\/\",\"name\":\"Educa\u00e7\u00e3o Integral na Serra\",\"description\":\"Educa\u00e7\u00e3o Integral e Territ\u00f3rios Educativos nas Pr\u00e1ticas Pedag\u00f3gicas da rede municipal de ensino de Serra\",\"potentialAction\":[{\"@type\":\"SearchAction\",\"target\":{\"@type\":\"EntryPoint\",\"urlTemplate\":\"https:\/\/educacaointegral.org.br\/especiais\/educacao-integral-na-serra\/?s={search_term_string}\"},\"query-input\":\"required name=search_term_string\"}],\"inLanguage\":\"pt-BR\"},{\"@type\":\"Person\",\"@id\":\"https:\/\/educacaointegral.org.br\/especiais\/educacao-integral-na-serra\/#\/schema\/person\/a66e4367284eb709977eaceffea97678\",\"name\":\"adminAprendiz\",\"image\":{\"@type\":\"ImageObject\",\"inLanguage\":\"pt-BR\",\"@id\":\"https:\/\/educacaointegral.org.br\/especiais\/educacao-integral-na-serra\/#\/schema\/person\/image\/\",\"url\":\"https:\/\/secure.gravatar.com\/avatar\/2c1508892e383f1f83fa78473fbd7041?s=96&d=mm&r=g\",\"contentUrl\":\"https:\/\/secure.gravatar.com\/avatar\/2c1508892e383f1f83fa78473fbd7041?s=96&d=mm&r=g\",\"caption\":\"adminAprendiz\"},\"url\":\"https:\/\/educacaointegral.org.br\/especiais\/educacao-integral-na-serra\/author\/adminaprendiz\/\"}]}<\/script>\n<!-- \/ Yoast SEO plugin. -->","yoast_head_json":{"title":"O que \u00e9 ser crian\u00e7a? - Educa\u00e7\u00e3o Integral na Serra","robots":{"index":"index","follow":"follow","max-snippet":"max-snippet:-1","max-image-preview":"max-image-preview:large","max-video-preview":"max-video-preview:-1"},"canonical":"https:\/\/educacaointegral.org.br\/especiais\/educacao-integral-na-serra\/2021\/04\/30\/o-que-e-ser-crianca\/","og_locale":"pt_BR","og_type":"article","og_title":"O que \u00e9 ser crian\u00e7a? - Educa\u00e7\u00e3o Integral na Serra","og_description":"Etapa: &nbsp;5\u00ba ano do Ensino Fundamental Objetivos:&nbsp; Desenvolver a capacidade de fazer uso da linguagem oral e escrita. Compreender a linguagem como elemento explicitado na imagem, no movimento e nas diferentes manifesta\u00e7\u00f5es culturais.\u00a0 Valorizar o contexto cultural do educando e as diferentes manifesta\u00e7\u00f5es art\u00edstico-culturais. Tempo para a atividade: 2 semanas de aula Intencionalidades pedag\u00f3gicas: A [&hellip;]","og_url":"https:\/\/educacaointegral.org.br\/especiais\/educacao-integral-na-serra\/2021\/04\/30\/o-que-e-ser-crianca\/","og_site_name":"Educa\u00e7\u00e3o Integral na Serra","article_published_time":"2021-04-30T16:56:18+00:00","article_modified_time":"2021-04-30T16:56:19+00:00","og_image":[{"url":"https:\/\/educacaointegral.org.br\/especiais\/educacao-integral-na-serra\/wp-content\/uploads\/sites\/5\/2021\/04\/icon-planeje-verde.png"}],"author":"adminAprendiz","twitter_card":"summary_large_image","twitter_misc":{"Escrito por":"adminAprendiz","Est. tempo de leitura":"3 minutos"},"schema":{"@context":"https:\/\/schema.org","@graph":[{"@type":"WebPage","@id":"https:\/\/educacaointegral.org.br\/especiais\/educacao-integral-na-serra\/2021\/04\/30\/o-que-e-ser-crianca\/","url":"https:\/\/educacaointegral.org.br\/especiais\/educacao-integral-na-serra\/2021\/04\/30\/o-que-e-ser-crianca\/","name":"O que \u00e9 ser crian\u00e7a? - Educa\u00e7\u00e3o Integral na Serra","isPartOf":{"@id":"https:\/\/educacaointegral.org.br\/especiais\/educacao-integral-na-serra\/#website"},"datePublished":"2021-04-30T16:56:18+00:00","dateModified":"2021-04-30T16:56:19+00:00","author":{"@id":"https:\/\/educacaointegral.org.br\/especiais\/educacao-integral-na-serra\/#\/schema\/person\/a66e4367284eb709977eaceffea97678"},"breadcrumb":{"@id":"https:\/\/educacaointegral.org.br\/especiais\/educacao-integral-na-serra\/2021\/04\/30\/o-que-e-ser-crianca\/#breadcrumb"},"inLanguage":"pt-BR","potentialAction":[{"@type":"ReadAction","target":["https:\/\/educacaointegral.org.br\/especiais\/educacao-integral-na-serra\/2021\/04\/30\/o-que-e-ser-crianca\/"]}]},{"@type":"BreadcrumbList","@id":"https:\/\/educacaointegral.org.br\/especiais\/educacao-integral-na-serra\/2021\/04\/30\/o-que-e-ser-crianca\/#breadcrumb","itemListElement":[{"@type":"ListItem","position":1,"name":"In\u00edcio","item":"https:\/\/educacaointegral.org.br\/especiais\/educacao-integral-na-serra\/"},{"@type":"ListItem","position":2,"name":"O que \u00e9 ser crian\u00e7a?"}]},{"@type":"WebSite","@id":"https:\/\/educacaointegral.org.br\/especiais\/educacao-integral-na-serra\/#website","url":"https:\/\/educacaointegral.org.br\/especiais\/educacao-integral-na-serra\/","name":"Educa\u00e7\u00e3o Integral na Serra","description":"Educa\u00e7\u00e3o Integral e Territ\u00f3rios Educativos nas Pr\u00e1ticas Pedag\u00f3gicas da rede municipal de ensino de Serra","potentialAction":[{"@type":"SearchAction","target":{"@type":"EntryPoint","urlTemplate":"https:\/\/educacaointegral.org.br\/especiais\/educacao-integral-na-serra\/?s={search_term_string}"},"query-input":"required name=search_term_string"}],"inLanguage":"pt-BR"},{"@type":"Person","@id":"https:\/\/educacaointegral.org.br\/especiais\/educacao-integral-na-serra\/#\/schema\/person\/a66e4367284eb709977eaceffea97678","name":"adminAprendiz","image":{"@type":"ImageObject","inLanguage":"pt-BR","@id":"https:\/\/educacaointegral.org.br\/especiais\/educacao-integral-na-serra\/#\/schema\/person\/image\/","url":"https:\/\/secure.gravatar.com\/avatar\/2c1508892e383f1f83fa78473fbd7041?s=96&d=mm&r=g","contentUrl":"https:\/\/secure.gravatar.com\/avatar\/2c1508892e383f1f83fa78473fbd7041?s=96&d=mm&r=g","caption":"adminAprendiz"},"url":"https:\/\/educacaointegral.org.br\/especiais\/educacao-integral-na-serra\/author\/adminaprendiz\/"}]}},"_links":{"self":[{"href":"https:\/\/educacaointegral.org.br\/especiais\/educacao-integral-na-serra\/wp-json\/wp\/v2\/posts\/55"}],"collection":[{"href":"https:\/\/educacaointegral.org.br\/especiais\/educacao-integral-na-serra\/wp-json\/wp\/v2\/posts"}],"about":[{"href":"https:\/\/educacaointegral.org.br\/especiais\/educacao-integral-na-serra\/wp-json\/wp\/v2\/types\/post"}],"author":[{"embeddable":true,"href":"https:\/\/educacaointegral.org.br\/especiais\/educacao-integral-na-serra\/wp-json\/wp\/v2\/users\/1"}],"replies":[{"embeddable":true,"href":"https:\/\/educacaointegral.org.br\/especiais\/educacao-integral-na-serra\/wp-json\/wp\/v2\/comments?post=55"}],"version-history":[{"count":1,"href":"https:\/\/educacaointegral.org.br\/especiais\/educacao-integral-na-serra\/wp-json\/wp\/v2\/posts\/55\/revisions"}],"predecessor-version":[{"id":56,"href":"https:\/\/educacaointegral.org.br\/especiais\/educacao-integral-na-serra\/wp-json\/wp\/v2\/posts\/55\/revisions\/56"}],"wp:attachment":[{"href":"https:\/\/educacaointegral.org.br\/especiais\/educacao-integral-na-serra\/wp-json\/wp\/v2\/media?parent=55"}],"wp:term":[{"taxonomy":"category","embeddable":true,"href":"https:\/\/educacaointegral.org.br\/especiais\/educacao-integral-na-serra\/wp-json\/wp\/v2\/categories?post=55"},{"taxonomy":"post_tag","embeddable":true,"href":"https:\/\/educacaointegral.org.br\/especiais\/educacao-integral-na-serra\/wp-json\/wp\/v2\/tags?post=55"}],"curies":[{"name":"wp","href":"https:\/\/api.w.org\/{rel}","templated":true}]}}