{"id":53,"date":"2021-04-30T13:54:11","date_gmt":"2021-04-30T16:54:11","guid":{"rendered":"https:\/\/educacaointegral.org.br\/especiais\/educacao-integral-na-serra\/?p=53"},"modified":"2021-04-30T13:54:12","modified_gmt":"2021-04-30T16:54:12","slug":"nossas-memorias-nossas-vidas","status":"publish","type":"post","link":"https:\/\/educacaointegral.org.br\/especiais\/educacao-integral-na-serra\/2021\/04\/30\/nossas-memorias-nossas-vidas\/","title":{"rendered":"Nossas mem\u00f3rias, nossas vidas"},"content":{"rendered":"\n<div class=\"wp-container-1 wp-block-buttons alignright is-content-justification-right\">\n<div class=\"wp-block-button btn-baixe\"><a class=\"wp-block-button__link has-background\" style=\"background-color:#00a2a8;border-radius:46px\">Baixe essa pr\u00e1tica<\/a><\/div>\n<\/div>\n\n\n\n<div style=\"height:26px\" aria-hidden=\"true\" class=\"wp-block-spacer\"><\/div>\n\n\n\n<div class=\"wp-block-columns\">\n<div class=\"wp-block-column\" style=\"flex-basis:20%\">\n<div class=\"wp-block-image\"><figure class=\"alignright size-large\"><img loading=\"lazy\" width=\"92\" height=\"113\" src=\"https:\/\/educacaointegral.org.br\/especiais\/educacao-integral-na-serra\/wp-content\/uploads\/sites\/5\/2021\/04\/icon-planeje-verde.png\" alt=\"\" class=\"wp-image-42\"\/><\/figure><\/div>\n\n\n\n<p><\/p>\n<\/div>\n\n\n\n<div class=\"wp-block-column\">\n<p><strong>Etapa:<\/strong> \u00a05\u00ba ano do Ensino Fundamental<\/p>\n\n\n\n<p><strong>Objetivos:<\/strong>&nbsp;<\/p>\n\n\n\n<ul><li>Desenvolver a capacidade de fazer uso da linguagem oral e escrita.<\/li><li>Compreender a linguagem como elemento explicitado na imagem, no movimento e nas diferentes manifesta\u00e7\u00f5es culturais.\u00a0<\/li><li>Valorizar o contexto cultural do educando e as diferentes manifesta\u00e7\u00f5es art\u00edstico-culturais.<\/li><\/ul>\n\n\n\n<p><strong><strong>Tempo para a atividade<\/strong>:<\/strong>  4 aulas<\/p>\n<\/div>\n<\/div>\n\n\n\n<hr class=\"wp-block-separator has-text-color has-background has-very-light-gray-background-color has-very-light-gray-color is-style-default\"\/>\n\n\n\n<div class=\"wp-block-columns\">\n<div class=\"wp-block-column\" style=\"flex-basis:20%\">\n<div class=\"wp-block-image\"><figure class=\"alignright size-large\"><img loading=\"lazy\" width=\"141\" height=\"120\" src=\"https:\/\/educacaointegral.org.br\/especiais\/educacao-integral-na-serra\/wp-content\/uploads\/sites\/5\/2021\/04\/icon-implemente-verde.png\" alt=\"\" class=\"wp-image-43\"\/><\/figure><\/div>\n<\/div>\n\n\n\n<div class=\"wp-block-column\">\n<p><strong>Intencionalidades pedag\u00f3gicas:<\/strong> A sequ\u00eancia did\u00e1tica busca valorizar a cultura local e a experi\u00eancia de cada sujeito, bem como favorecer situa\u00e7\u00f5es de intera\u00e7\u00e3o entre o aluno e sua fam\u00edlia atrav\u00e9s de narrativas.<\/p>\n\n\n\n<p><strong>Como acontece: <\/strong>Inicialmente o estudante dever\u00e1 conversar com os membros de sua fam\u00edlia a respeito das lembran\u00e7as e mem\u00f3rias que cada um possui do lugar em que viveram a maior parte de suas vidas. Poder\u00e1 tamb\u00e9m estender essa conversa a outros graus de parentesco, a vizinhos, a amigos e moradores mais antigos do bairro. Caso seja poss\u00edvel, agendar um encontro s\u00edncrono, atrav\u00e9s de videoconfer\u00eancia ou outro recurso, para essa conversa. A partir desse di\u00e1logo, os alunos dever\u00e3o apreciar a obra \u201cVila dos Queimados\u201d, de Valter Assis que pode ser acessada em <a href=\"https:\/\/www.portaltemponovo.com.br\/historias-de-quem-viveu-na-antiga-vila-de-queimado-2\/unnamed-32\/\" target=\"_blank\" rel=\"noreferrer noopener\">https:\/\/www.portaltemponovo.com.br\/historias-de-quem-viveu-na-antiga-vila-de-queimado-2\/unnamed-32\/<\/a>. \u00c9 importante que o aluno e seus familiares conversem sobre o que observam na obra, caso ainda n\u00e3o a conhe\u00e7am ser\u00e1 uma \u00f3tima oportunidade para que todos se sintam mais pertencentes em seu territ\u00f3rio. A obra \u00e9 muito rica em detalhes de como a popula\u00e7\u00e3o vivia na \u00e9poca retratada, a arquitetura local, vestimenta, com\u00e9rcio local e paisagens.<\/p>\n\n\n\n<p>Ap\u00f3s an\u00e1lise da obra, o estudante poder\u00e1 atrav\u00e9s das ferramentas de mapa e fotografias, visitar como atualmente se encontra o que restou da vila; infelizmente somente ru\u00ednas, e talvez com um pouco de sorte encontre registros como cartas e documentos ou conhe\u00e7a alguns poucos moradores que ainda vivem e que guardam na mem\u00f3ria lembran\u00e7as do cotidiano e do triste epis\u00f3dio do tempo em que eram escravizados.&nbsp; Ap\u00f3s todo esse processo, o (a) estudante dever\u00e1 produzir uma express\u00e3o art\u00edstica com o tema do seu bairro ou da sua rua. Poder\u00e1 usar diferentes materiais para colagem, desenho e pintura, explorando diferentes t\u00e9cnicas de express\u00e3o pl\u00e1stica.<\/p>\n\n\n\n<p><\/p>\n<\/div>\n<\/div>\n\n\n\n<hr class=\"wp-block-separator has-text-color has-background has-very-light-gray-background-color has-very-light-gray-color is-style-default\"\/>\n\n\n\n<div class=\"wp-block-columns\">\n<div class=\"wp-block-column\" style=\"flex-basis:20%\">\n<div class=\"wp-block-image\"><figure class=\"alignright size-large\"><img loading=\"lazy\" width=\"136\" height=\"108\" src=\"https:\/\/educacaointegral.org.br\/especiais\/educacao-integral-na-serra\/wp-content\/uploads\/sites\/5\/2021\/04\/icon-fica-a-dica-verde.png\" alt=\"\" class=\"wp-image-44\"\/><\/figure><\/div>\n<\/div>\n\n\n\n<div class=\"wp-block-column\">\n<ul><li>A sugest\u00e3o \u00e9 que esta atividade seja realizada em condi\u00e7\u00f5es de aulas remotas ou afastamento social.\u00a0<\/li><li>Organize a visita a um museu virtual. Atualmente h\u00e1 v\u00e1rias op\u00e7\u00f5es de museus nacionais que podem ser visitados atrav\u00e9s da internet. \u00c9 poss\u00edvel escolher uma op\u00e7\u00e3o no site <a href=\"https:\/\/www.eravirtual.org\/\" target=\"_blank\" rel=\"noreferrer noopener\">https:\/\/www.eravirtual.org\/<\/a> que tem como objetivo a ampla divulga\u00e7\u00e3o e promo\u00e7\u00e3o do patrim\u00f4nio cultural brasileiro desde 2008.\u00a0\u00a0<\/li><\/ul>\n<\/div>\n<\/div>\n\n\n\n<p><\/p>\n","protected":false},"excerpt":{"rendered":"<p>Etapa: \u00a05\u00ba ano do Ensino Fundamental Objetivos:&nbsp; Desenvolver a capacidade de fazer uso da linguagem oral e escrita. Compreender a linguagem como elemento explicitado na imagem, no movimento e nas diferentes manifesta\u00e7\u00f5es culturais.\u00a0 Valorizar o contexto cultural do educando e as diferentes manifesta\u00e7\u00f5es art\u00edstico-culturais. Tempo para a atividade: 4 aulas Intencionalidades pedag\u00f3gicas: A sequ\u00eancia did\u00e1tica [&hellip;]<\/p>\n","protected":false},"author":1,"featured_media":0,"comment_status":"open","ping_status":"open","sticky":false,"template":"","format":"standard","meta":[],"categories":[4],"tags":[],"yoast_head":"<!-- This site is optimized with the Yoast SEO plugin v19.13 - https:\/\/yoast.com\/wordpress\/plugins\/seo\/ -->\n<title>Nossas mem\u00f3rias, nossas vidas - Educa\u00e7\u00e3o Integral na Serra<\/title>\n<meta name=\"robots\" content=\"index, follow, max-snippet:-1, max-image-preview:large, max-video-preview:-1\" \/>\n<link rel=\"canonical\" href=\"https:\/\/educacaointegral.org.br\/especiais\/educacao-integral-na-serra\/2021\/04\/30\/nossas-memorias-nossas-vidas\/\" \/>\n<meta property=\"og:locale\" content=\"pt_BR\" \/>\n<meta property=\"og:type\" content=\"article\" \/>\n<meta property=\"og:title\" content=\"Nossas mem\u00f3rias, nossas vidas - Educa\u00e7\u00e3o Integral na Serra\" \/>\n<meta property=\"og:description\" content=\"Etapa: \u00a05\u00ba ano do Ensino Fundamental Objetivos:&nbsp; Desenvolver a capacidade de fazer uso da linguagem oral e escrita. Compreender a linguagem como elemento explicitado na imagem, no movimento e nas diferentes manifesta\u00e7\u00f5es culturais.\u00a0 Valorizar o contexto cultural do educando e as diferentes manifesta\u00e7\u00f5es art\u00edstico-culturais. Tempo para a atividade: 4 aulas Intencionalidades pedag\u00f3gicas: A sequ\u00eancia did\u00e1tica [&hellip;]\" \/>\n<meta property=\"og:url\" content=\"https:\/\/educacaointegral.org.br\/especiais\/educacao-integral-na-serra\/2021\/04\/30\/nossas-memorias-nossas-vidas\/\" \/>\n<meta property=\"og:site_name\" content=\"Educa\u00e7\u00e3o Integral na Serra\" \/>\n<meta property=\"article:published_time\" content=\"2021-04-30T16:54:11+00:00\" \/>\n<meta property=\"article:modified_time\" content=\"2021-04-30T16:54:12+00:00\" \/>\n<meta property=\"og:image\" content=\"https:\/\/educacaointegral.org.br\/especiais\/educacao-integral-na-serra\/wp-content\/uploads\/sites\/5\/2021\/04\/icon-planeje-verde.png\" \/>\n<meta name=\"author\" content=\"adminAprendiz\" \/>\n<meta name=\"twitter:card\" content=\"summary_large_image\" \/>\n<meta name=\"twitter:label1\" content=\"Escrito por\" \/>\n\t<meta name=\"twitter:data1\" content=\"adminAprendiz\" \/>\n\t<meta name=\"twitter:label2\" content=\"Est. tempo de leitura\" \/>\n\t<meta name=\"twitter:data2\" content=\"2 minutos\" \/>\n<script type=\"application\/ld+json\" class=\"yoast-schema-graph\">{\"@context\":\"https:\/\/schema.org\",\"@graph\":[{\"@type\":\"WebPage\",\"@id\":\"https:\/\/educacaointegral.org.br\/especiais\/educacao-integral-na-serra\/2021\/04\/30\/nossas-memorias-nossas-vidas\/\",\"url\":\"https:\/\/educacaointegral.org.br\/especiais\/educacao-integral-na-serra\/2021\/04\/30\/nossas-memorias-nossas-vidas\/\",\"name\":\"Nossas mem\u00f3rias, nossas vidas - Educa\u00e7\u00e3o Integral na Serra\",\"isPartOf\":{\"@id\":\"https:\/\/educacaointegral.org.br\/especiais\/educacao-integral-na-serra\/#website\"},\"datePublished\":\"2021-04-30T16:54:11+00:00\",\"dateModified\":\"2021-04-30T16:54:12+00:00\",\"author\":{\"@id\":\"https:\/\/educacaointegral.org.br\/especiais\/educacao-integral-na-serra\/#\/schema\/person\/a66e4367284eb709977eaceffea97678\"},\"breadcrumb\":{\"@id\":\"https:\/\/educacaointegral.org.br\/especiais\/educacao-integral-na-serra\/2021\/04\/30\/nossas-memorias-nossas-vidas\/#breadcrumb\"},\"inLanguage\":\"pt-BR\",\"potentialAction\":[{\"@type\":\"ReadAction\",\"target\":[\"https:\/\/educacaointegral.org.br\/especiais\/educacao-integral-na-serra\/2021\/04\/30\/nossas-memorias-nossas-vidas\/\"]}]},{\"@type\":\"BreadcrumbList\",\"@id\":\"https:\/\/educacaointegral.org.br\/especiais\/educacao-integral-na-serra\/2021\/04\/30\/nossas-memorias-nossas-vidas\/#breadcrumb\",\"itemListElement\":[{\"@type\":\"ListItem\",\"position\":1,\"name\":\"In\u00edcio\",\"item\":\"https:\/\/educacaointegral.org.br\/especiais\/educacao-integral-na-serra\/\"},{\"@type\":\"ListItem\",\"position\":2,\"name\":\"Nossas mem\u00f3rias, nossas vidas\"}]},{\"@type\":\"WebSite\",\"@id\":\"https:\/\/educacaointegral.org.br\/especiais\/educacao-integral-na-serra\/#website\",\"url\":\"https:\/\/educacaointegral.org.br\/especiais\/educacao-integral-na-serra\/\",\"name\":\"Educa\u00e7\u00e3o Integral na Serra\",\"description\":\"Educa\u00e7\u00e3o Integral e Territ\u00f3rios Educativos nas Pr\u00e1ticas Pedag\u00f3gicas da rede municipal de ensino de Serra\",\"potentialAction\":[{\"@type\":\"SearchAction\",\"target\":{\"@type\":\"EntryPoint\",\"urlTemplate\":\"https:\/\/educacaointegral.org.br\/especiais\/educacao-integral-na-serra\/?s={search_term_string}\"},\"query-input\":\"required name=search_term_string\"}],\"inLanguage\":\"pt-BR\"},{\"@type\":\"Person\",\"@id\":\"https:\/\/educacaointegral.org.br\/especiais\/educacao-integral-na-serra\/#\/schema\/person\/a66e4367284eb709977eaceffea97678\",\"name\":\"adminAprendiz\",\"image\":{\"@type\":\"ImageObject\",\"inLanguage\":\"pt-BR\",\"@id\":\"https:\/\/educacaointegral.org.br\/especiais\/educacao-integral-na-serra\/#\/schema\/person\/image\/\",\"url\":\"https:\/\/secure.gravatar.com\/avatar\/2c1508892e383f1f83fa78473fbd7041?s=96&d=mm&r=g\",\"contentUrl\":\"https:\/\/secure.gravatar.com\/avatar\/2c1508892e383f1f83fa78473fbd7041?s=96&d=mm&r=g\",\"caption\":\"adminAprendiz\"},\"url\":\"https:\/\/educacaointegral.org.br\/especiais\/educacao-integral-na-serra\/author\/adminaprendiz\/\"}]}<\/script>\n<!-- \/ Yoast SEO plugin. -->","yoast_head_json":{"title":"Nossas mem\u00f3rias, nossas vidas - Educa\u00e7\u00e3o Integral na Serra","robots":{"index":"index","follow":"follow","max-snippet":"max-snippet:-1","max-image-preview":"max-image-preview:large","max-video-preview":"max-video-preview:-1"},"canonical":"https:\/\/educacaointegral.org.br\/especiais\/educacao-integral-na-serra\/2021\/04\/30\/nossas-memorias-nossas-vidas\/","og_locale":"pt_BR","og_type":"article","og_title":"Nossas mem\u00f3rias, nossas vidas - Educa\u00e7\u00e3o Integral na Serra","og_description":"Etapa: \u00a05\u00ba ano do Ensino Fundamental Objetivos:&nbsp; Desenvolver a capacidade de fazer uso da linguagem oral e escrita. Compreender a linguagem como elemento explicitado na imagem, no movimento e nas diferentes manifesta\u00e7\u00f5es culturais.\u00a0 Valorizar o contexto cultural do educando e as diferentes manifesta\u00e7\u00f5es art\u00edstico-culturais. Tempo para a atividade: 4 aulas Intencionalidades pedag\u00f3gicas: A sequ\u00eancia did\u00e1tica [&hellip;]","og_url":"https:\/\/educacaointegral.org.br\/especiais\/educacao-integral-na-serra\/2021\/04\/30\/nossas-memorias-nossas-vidas\/","og_site_name":"Educa\u00e7\u00e3o Integral na Serra","article_published_time":"2021-04-30T16:54:11+00:00","article_modified_time":"2021-04-30T16:54:12+00:00","og_image":[{"url":"https:\/\/educacaointegral.org.br\/especiais\/educacao-integral-na-serra\/wp-content\/uploads\/sites\/5\/2021\/04\/icon-planeje-verde.png"}],"author":"adminAprendiz","twitter_card":"summary_large_image","twitter_misc":{"Escrito por":"adminAprendiz","Est. tempo de leitura":"2 minutos"},"schema":{"@context":"https:\/\/schema.org","@graph":[{"@type":"WebPage","@id":"https:\/\/educacaointegral.org.br\/especiais\/educacao-integral-na-serra\/2021\/04\/30\/nossas-memorias-nossas-vidas\/","url":"https:\/\/educacaointegral.org.br\/especiais\/educacao-integral-na-serra\/2021\/04\/30\/nossas-memorias-nossas-vidas\/","name":"Nossas mem\u00f3rias, nossas vidas - Educa\u00e7\u00e3o Integral na Serra","isPartOf":{"@id":"https:\/\/educacaointegral.org.br\/especiais\/educacao-integral-na-serra\/#website"},"datePublished":"2021-04-30T16:54:11+00:00","dateModified":"2021-04-30T16:54:12+00:00","author":{"@id":"https:\/\/educacaointegral.org.br\/especiais\/educacao-integral-na-serra\/#\/schema\/person\/a66e4367284eb709977eaceffea97678"},"breadcrumb":{"@id":"https:\/\/educacaointegral.org.br\/especiais\/educacao-integral-na-serra\/2021\/04\/30\/nossas-memorias-nossas-vidas\/#breadcrumb"},"inLanguage":"pt-BR","potentialAction":[{"@type":"ReadAction","target":["https:\/\/educacaointegral.org.br\/especiais\/educacao-integral-na-serra\/2021\/04\/30\/nossas-memorias-nossas-vidas\/"]}]},{"@type":"BreadcrumbList","@id":"https:\/\/educacaointegral.org.br\/especiais\/educacao-integral-na-serra\/2021\/04\/30\/nossas-memorias-nossas-vidas\/#breadcrumb","itemListElement":[{"@type":"ListItem","position":1,"name":"In\u00edcio","item":"https:\/\/educacaointegral.org.br\/especiais\/educacao-integral-na-serra\/"},{"@type":"ListItem","position":2,"name":"Nossas mem\u00f3rias, nossas vidas"}]},{"@type":"WebSite","@id":"https:\/\/educacaointegral.org.br\/especiais\/educacao-integral-na-serra\/#website","url":"https:\/\/educacaointegral.org.br\/especiais\/educacao-integral-na-serra\/","name":"Educa\u00e7\u00e3o Integral na Serra","description":"Educa\u00e7\u00e3o Integral e Territ\u00f3rios Educativos nas Pr\u00e1ticas Pedag\u00f3gicas da rede municipal de ensino de Serra","potentialAction":[{"@type":"SearchAction","target":{"@type":"EntryPoint","urlTemplate":"https:\/\/educacaointegral.org.br\/especiais\/educacao-integral-na-serra\/?s={search_term_string}"},"query-input":"required name=search_term_string"}],"inLanguage":"pt-BR"},{"@type":"Person","@id":"https:\/\/educacaointegral.org.br\/especiais\/educacao-integral-na-serra\/#\/schema\/person\/a66e4367284eb709977eaceffea97678","name":"adminAprendiz","image":{"@type":"ImageObject","inLanguage":"pt-BR","@id":"https:\/\/educacaointegral.org.br\/especiais\/educacao-integral-na-serra\/#\/schema\/person\/image\/","url":"https:\/\/secure.gravatar.com\/avatar\/2c1508892e383f1f83fa78473fbd7041?s=96&d=mm&r=g","contentUrl":"https:\/\/secure.gravatar.com\/avatar\/2c1508892e383f1f83fa78473fbd7041?s=96&d=mm&r=g","caption":"adminAprendiz"},"url":"https:\/\/educacaointegral.org.br\/especiais\/educacao-integral-na-serra\/author\/adminaprendiz\/"}]}},"_links":{"self":[{"href":"https:\/\/educacaointegral.org.br\/especiais\/educacao-integral-na-serra\/wp-json\/wp\/v2\/posts\/53"}],"collection":[{"href":"https:\/\/educacaointegral.org.br\/especiais\/educacao-integral-na-serra\/wp-json\/wp\/v2\/posts"}],"about":[{"href":"https:\/\/educacaointegral.org.br\/especiais\/educacao-integral-na-serra\/wp-json\/wp\/v2\/types\/post"}],"author":[{"embeddable":true,"href":"https:\/\/educacaointegral.org.br\/especiais\/educacao-integral-na-serra\/wp-json\/wp\/v2\/users\/1"}],"replies":[{"embeddable":true,"href":"https:\/\/educacaointegral.org.br\/especiais\/educacao-integral-na-serra\/wp-json\/wp\/v2\/comments?post=53"}],"version-history":[{"count":1,"href":"https:\/\/educacaointegral.org.br\/especiais\/educacao-integral-na-serra\/wp-json\/wp\/v2\/posts\/53\/revisions"}],"predecessor-version":[{"id":54,"href":"https:\/\/educacaointegral.org.br\/especiais\/educacao-integral-na-serra\/wp-json\/wp\/v2\/posts\/53\/revisions\/54"}],"wp:attachment":[{"href":"https:\/\/educacaointegral.org.br\/especiais\/educacao-integral-na-serra\/wp-json\/wp\/v2\/media?parent=53"}],"wp:term":[{"taxonomy":"category","embeddable":true,"href":"https:\/\/educacaointegral.org.br\/especiais\/educacao-integral-na-serra\/wp-json\/wp\/v2\/categories?post=53"},{"taxonomy":"post_tag","embeddable":true,"href":"https:\/\/educacaointegral.org.br\/especiais\/educacao-integral-na-serra\/wp-json\/wp\/v2\/tags?post=53"}],"curies":[{"name":"wp","href":"https:\/\/api.w.org\/{rel}","templated":true}]}}