{"id":5,"date":"2021-04-26T12:17:43","date_gmt":"2021-04-26T15:17:43","guid":{"rendered":"https:\/\/educacaointegral.org.br\/especiais\/educacao-integral-na-serra\/?p=5"},"modified":"2021-04-26T14:58:06","modified_gmt":"2021-04-26T17:58:06","slug":"5","status":"publish","type":"post","link":"https:\/\/educacaointegral.org.br\/especiais\/educacao-integral-na-serra\/2021\/04\/26\/5\/","title":{"rendered":"\u00c1gua \u00e9 vida"},"content":{"rendered":"\n<div class=\"wp-container-1 wp-block-buttons alignright is-content-justification-right\">\n<div class=\"wp-block-button btn-baixe\"><a class=\"wp-block-button__link has-background has-luminous-vivid-amber-background-color\" style=\"border-radius:46px\">Baixe essa pr\u00e1tica<\/a><\/div>\n<\/div>\n\n\n\n<div style=\"height:26px\" aria-hidden=\"true\" class=\"wp-block-spacer\"><\/div>\n\n\n\n<div class=\"wp-block-columns\">\n<div class=\"wp-block-column\" style=\"flex-basis:20%\">\n<div class=\"wp-block-image\"><figure class=\"alignright size-large\"><img src=\"https:\/\/educacaointegral.org.br\/especiais\/educacao-integral-na-serra\/wp-content\/uploads\/sites\/5\/2021\/04\/icon-planeje.png\" alt=\"\" class=\"wp-image-13\"\/><\/figure><\/div>\n\n\n\n<p><\/p>\n<\/div>\n\n\n\n<div class=\"wp-block-column\">\n<p><strong>Etapa:<\/strong> \u00a06\u00ba ao 9\u00ba anos do Ensino Fundamental\u00a0<\/p>\n\n\n\n<p><strong>Objetivos:<\/strong>&nbsp;<\/p>\n\n\n\n<ul><li>Refletir sobre h\u00e1bitos de higiene durante e ap\u00f3s a pandemia aliados ao consumo consciente de \u00e1gua.\u00a0<\/li><li>Possibilitar a troca de experi\u00eancias entre os estudantes.<\/li><\/ul>\n\n\n\n<p><strong><strong>Tempo para a atividade<\/strong>:<\/strong> \u00a03 aulas<\/p>\n<\/div>\n<\/div>\n\n\n\n<hr class=\"wp-block-separator has-text-color has-background has-very-light-gray-background-color has-very-light-gray-color\"\/>\n\n\n\n<div class=\"wp-block-columns\">\n<div class=\"wp-block-column\" style=\"flex-basis:20%\">\n<div class=\"wp-block-image\"><figure class=\"alignright size-large\"><img src=\"https:\/\/educacaointegral.org.br\/especiais\/educacao-integral-na-serra\/wp-content\/uploads\/sites\/5\/2021\/04\/icon-implemente-amarelo.png\" alt=\"\" class=\"wp-image-16\"\/><\/figure><\/div>\n<\/div>\n\n\n\n<div class=\"wp-block-column\">\n<p><strong>Intencionalidades pedag\u00f3gicas:<\/strong> Esta atividade est\u00e1 atrelada ao comprometimento com a educa\u00e7\u00e3o voltada para a forma\u00e7\u00e3o da consci\u00eancia cr\u00edtica, assegurando a especificidade de cada \u00e1rea do conhecimento, mas tamb\u00e9m propondo uma integra\u00e7\u00e3o entre os diferentes componentes curriculares. Ela permite ainda um trabalho educacional em di\u00e1logo com o mundo, a partir de assuntos da contemporaneidade que circulam nas m\u00eddias e nas rela\u00e7\u00f5es cotidianas.<\/p>\n\n\n\n<p><strong>Como acontece: <\/strong>Inicialmente, instigue os estudantes com a seguinte problem\u00e1tica: \u201cComo podemos utilizar a \u00e1gua com sabedoria, sem qualquer preju\u00edzo ao processo de higieniza\u00e7\u00e3o na preven\u00e7\u00e3o ao novo Coronav\u00edrus?\u201d Em seguida, mostre algumas imagens que relacionam a higiene e o consumo de \u00e1gua, juntamente com a seguinte frase: A \u00c1GUA \u00c9 NOSSA PRINCIPAL ALIADA NA LUTA CONTRA O CORONAV\u00cdRUS. USE COM SABEDORIA!<\/p>\n\n\n\n<p>Durante a pandemia, tem sido comum a presen\u00e7a nos meios de comunica\u00e7\u00e3o de campanhas e informa\u00e7\u00f5es acerca da import\u00e2ncia da higiene no combate ao coronav\u00edrus, por\u00e9m desassociadas do consumo consciente da \u00e1gua. Nesta proposta, fomente que o estudante, junto com a sua fam\u00edlia, reflita sobre o consumo de \u00e1gua no combate \u00e0 pandemia. Depois disso, solicite que cada aluno relate a experi\u00eancia da fam\u00edlia por meio de uma breve produ\u00e7\u00e3o de texto. Os textos dever\u00e3o ser enviados aos professores. Ap\u00f3s essa produ\u00e7\u00e3o, pe\u00e7a que os alunos registrem em um curto v\u00eddeo alguma a\u00e7\u00e3o, como lavar as m\u00e3os, por exemplo, alertando para o consumo consciente de \u00e1gua, e compartilhe no grupo de mensagens da turma.<\/p>\n\n\n\n<p><\/p>\n<\/div>\n<\/div>\n\n\n\n<hr class=\"wp-block-separator has-text-color has-background has-very-light-gray-background-color has-very-light-gray-color is-style-default\"\/>\n\n\n\n<div class=\"wp-block-columns\">\n<div class=\"wp-block-column\" style=\"flex-basis:20%\">\n<div class=\"wp-block-image\"><figure class=\"alignright size-large\"><img src=\"https:\/\/educacaointegral.org.br\/especiais\/educacao-integral-na-serra\/wp-content\/uploads\/sites\/5\/2021\/04\/icon-fica-a-dica-amarelo.png\" alt=\"\" class=\"wp-image-61\"\/><\/figure><\/div>\n<\/div>\n\n\n\n<div class=\"wp-block-column\">\n<ul><li>Essa atividade pode ser realizada em aulas presenciais, mas necessita de computadores, tablets ou celulares para o acesso dos alunos.<\/li><li>Para edi\u00e7\u00e3o de v\u00eddeos e imagens \u00e9 poss\u00edvel utilizar o aplicativo Fotos no Windows 10 dispon\u00edvel gratuitamente em todos os computadores com essa vers\u00e3o do sistema operacional instalada. Com esse aplicativo, \u00e9 poss\u00edvel remover partes de um v\u00eddeo, adicionar uma sobreposi\u00e7\u00e3o ou ainda aplicar alguns filtros. Vale a pena tentar!&nbsp;<\/li><\/ul>\n<\/div>\n<\/div>\n\n\n\n<p><\/p>\n","protected":false},"excerpt":{"rendered":"<p>Etapa: \u00a06\u00ba ao 9\u00ba anos do Ensino Fundamental\u00a0 Objetivos:&nbsp; Refletir sobre h\u00e1bitos de higiene durante e ap\u00f3s a pandemia aliados ao consumo consciente de \u00e1gua.\u00a0 Possibilitar a troca de experi\u00eancias entre os estudantes. Tempo para a atividade: \u00a03 aulas Intencionalidades pedag\u00f3gicas: Esta atividade est\u00e1 atrelada ao comprometimento com a educa\u00e7\u00e3o voltada para a forma\u00e7\u00e3o da [&hellip;]<\/p>\n","protected":false},"author":1,"featured_media":0,"comment_status":"open","ping_status":"open","sticky":false,"template":"","format":"standard","meta":[],"categories":[2],"tags":[],"yoast_head":"<!-- This site is optimized with the Yoast SEO plugin v19.13 - https:\/\/yoast.com\/wordpress\/plugins\/seo\/ -->\n<title>\u00c1gua \u00e9 vida - Educa\u00e7\u00e3o Integral na Serra<\/title>\n<meta name=\"robots\" content=\"index, follow, max-snippet:-1, max-image-preview:large, max-video-preview:-1\" \/>\n<link rel=\"canonical\" href=\"https:\/\/educacaointegral.org.br\/especiais\/educacao-integral-na-serra\/2021\/04\/26\/5\/\" \/>\n<meta property=\"og:locale\" content=\"pt_BR\" \/>\n<meta property=\"og:type\" content=\"article\" \/>\n<meta property=\"og:title\" content=\"\u00c1gua \u00e9 vida - Educa\u00e7\u00e3o Integral na Serra\" \/>\n<meta property=\"og:description\" content=\"Etapa: \u00a06\u00ba ao 9\u00ba anos do Ensino Fundamental\u00a0 Objetivos:&nbsp; Refletir sobre h\u00e1bitos de higiene durante e ap\u00f3s a pandemia aliados ao consumo consciente de \u00e1gua.\u00a0 Possibilitar a troca de experi\u00eancias entre os estudantes. Tempo para a atividade: \u00a03 aulas Intencionalidades pedag\u00f3gicas: Esta atividade est\u00e1 atrelada ao comprometimento com a educa\u00e7\u00e3o voltada para a forma\u00e7\u00e3o da [&hellip;]\" \/>\n<meta property=\"og:url\" content=\"https:\/\/educacaointegral.org.br\/especiais\/educacao-integral-na-serra\/2021\/04\/26\/5\/\" \/>\n<meta property=\"og:site_name\" content=\"Educa\u00e7\u00e3o Integral na Serra\" \/>\n<meta property=\"article:published_time\" content=\"2021-04-26T15:17:43+00:00\" \/>\n<meta property=\"article:modified_time\" content=\"2021-04-26T17:58:06+00:00\" \/>\n<meta property=\"og:image\" content=\"https:\/\/educacaointegral.org.br\/especiais\/educacao-integral-na-serra\/wp-content\/uploads\/sites\/5\/2021\/04\/icon-planeje.png\" \/>\n<meta name=\"author\" content=\"adminAprendiz\" \/>\n<meta name=\"twitter:card\" content=\"summary_large_image\" \/>\n<meta name=\"twitter:label1\" content=\"Escrito por\" \/>\n\t<meta name=\"twitter:data1\" content=\"adminAprendiz\" \/>\n\t<meta name=\"twitter:label2\" content=\"Est. tempo de leitura\" \/>\n\t<meta name=\"twitter:data2\" content=\"2 minutos\" \/>\n<script type=\"application\/ld+json\" class=\"yoast-schema-graph\">{\"@context\":\"https:\/\/schema.org\",\"@graph\":[{\"@type\":\"WebPage\",\"@id\":\"https:\/\/educacaointegral.org.br\/especiais\/educacao-integral-na-serra\/2021\/04\/26\/5\/\",\"url\":\"https:\/\/educacaointegral.org.br\/especiais\/educacao-integral-na-serra\/2021\/04\/26\/5\/\",\"name\":\"\u00c1gua \u00e9 vida - Educa\u00e7\u00e3o Integral na Serra\",\"isPartOf\":{\"@id\":\"https:\/\/educacaointegral.org.br\/especiais\/educacao-integral-na-serra\/#website\"},\"datePublished\":\"2021-04-26T15:17:43+00:00\",\"dateModified\":\"2021-04-26T17:58:06+00:00\",\"author\":{\"@id\":\"https:\/\/educacaointegral.org.br\/especiais\/educacao-integral-na-serra\/#\/schema\/person\/a66e4367284eb709977eaceffea97678\"},\"breadcrumb\":{\"@id\":\"https:\/\/educacaointegral.org.br\/especiais\/educacao-integral-na-serra\/2021\/04\/26\/5\/#breadcrumb\"},\"inLanguage\":\"pt-BR\",\"potentialAction\":[{\"@type\":\"ReadAction\",\"target\":[\"https:\/\/educacaointegral.org.br\/especiais\/educacao-integral-na-serra\/2021\/04\/26\/5\/\"]}]},{\"@type\":\"BreadcrumbList\",\"@id\":\"https:\/\/educacaointegral.org.br\/especiais\/educacao-integral-na-serra\/2021\/04\/26\/5\/#breadcrumb\",\"itemListElement\":[{\"@type\":\"ListItem\",\"position\":1,\"name\":\"In\u00edcio\",\"item\":\"https:\/\/educacaointegral.org.br\/especiais\/educacao-integral-na-serra\/\"},{\"@type\":\"ListItem\",\"position\":2,\"name\":\"\u00c1gua \u00e9 vida\"}]},{\"@type\":\"WebSite\",\"@id\":\"https:\/\/educacaointegral.org.br\/especiais\/educacao-integral-na-serra\/#website\",\"url\":\"https:\/\/educacaointegral.org.br\/especiais\/educacao-integral-na-serra\/\",\"name\":\"Educa\u00e7\u00e3o Integral na Serra\",\"description\":\"Educa\u00e7\u00e3o Integral e Territ\u00f3rios Educativos nas Pr\u00e1ticas Pedag\u00f3gicas da rede municipal de ensino de Serra\",\"potentialAction\":[{\"@type\":\"SearchAction\",\"target\":{\"@type\":\"EntryPoint\",\"urlTemplate\":\"https:\/\/educacaointegral.org.br\/especiais\/educacao-integral-na-serra\/?s={search_term_string}\"},\"query-input\":\"required name=search_term_string\"}],\"inLanguage\":\"pt-BR\"},{\"@type\":\"Person\",\"@id\":\"https:\/\/educacaointegral.org.br\/especiais\/educacao-integral-na-serra\/#\/schema\/person\/a66e4367284eb709977eaceffea97678\",\"name\":\"adminAprendiz\",\"image\":{\"@type\":\"ImageObject\",\"inLanguage\":\"pt-BR\",\"@id\":\"https:\/\/educacaointegral.org.br\/especiais\/educacao-integral-na-serra\/#\/schema\/person\/image\/\",\"url\":\"https:\/\/secure.gravatar.com\/avatar\/2c1508892e383f1f83fa78473fbd7041?s=96&d=mm&r=g\",\"contentUrl\":\"https:\/\/secure.gravatar.com\/avatar\/2c1508892e383f1f83fa78473fbd7041?s=96&d=mm&r=g\",\"caption\":\"adminAprendiz\"},\"url\":\"https:\/\/educacaointegral.org.br\/especiais\/educacao-integral-na-serra\/author\/adminaprendiz\/\"}]}<\/script>\n<!-- \/ Yoast SEO plugin. -->","yoast_head_json":{"title":"\u00c1gua \u00e9 vida - Educa\u00e7\u00e3o Integral na Serra","robots":{"index":"index","follow":"follow","max-snippet":"max-snippet:-1","max-image-preview":"max-image-preview:large","max-video-preview":"max-video-preview:-1"},"canonical":"https:\/\/educacaointegral.org.br\/especiais\/educacao-integral-na-serra\/2021\/04\/26\/5\/","og_locale":"pt_BR","og_type":"article","og_title":"\u00c1gua \u00e9 vida - Educa\u00e7\u00e3o Integral na Serra","og_description":"Etapa: \u00a06\u00ba ao 9\u00ba anos do Ensino Fundamental\u00a0 Objetivos:&nbsp; Refletir sobre h\u00e1bitos de higiene durante e ap\u00f3s a pandemia aliados ao consumo consciente de \u00e1gua.\u00a0 Possibilitar a troca de experi\u00eancias entre os estudantes. Tempo para a atividade: \u00a03 aulas Intencionalidades pedag\u00f3gicas: Esta atividade est\u00e1 atrelada ao comprometimento com a educa\u00e7\u00e3o voltada para a forma\u00e7\u00e3o da [&hellip;]","og_url":"https:\/\/educacaointegral.org.br\/especiais\/educacao-integral-na-serra\/2021\/04\/26\/5\/","og_site_name":"Educa\u00e7\u00e3o Integral na Serra","article_published_time":"2021-04-26T15:17:43+00:00","article_modified_time":"2021-04-26T17:58:06+00:00","og_image":[{"url":"https:\/\/educacaointegral.org.br\/especiais\/educacao-integral-na-serra\/wp-content\/uploads\/sites\/5\/2021\/04\/icon-planeje.png"}],"author":"adminAprendiz","twitter_card":"summary_large_image","twitter_misc":{"Escrito por":"adminAprendiz","Est. tempo de leitura":"2 minutos"},"schema":{"@context":"https:\/\/schema.org","@graph":[{"@type":"WebPage","@id":"https:\/\/educacaointegral.org.br\/especiais\/educacao-integral-na-serra\/2021\/04\/26\/5\/","url":"https:\/\/educacaointegral.org.br\/especiais\/educacao-integral-na-serra\/2021\/04\/26\/5\/","name":"\u00c1gua \u00e9 vida - Educa\u00e7\u00e3o Integral na Serra","isPartOf":{"@id":"https:\/\/educacaointegral.org.br\/especiais\/educacao-integral-na-serra\/#website"},"datePublished":"2021-04-26T15:17:43+00:00","dateModified":"2021-04-26T17:58:06+00:00","author":{"@id":"https:\/\/educacaointegral.org.br\/especiais\/educacao-integral-na-serra\/#\/schema\/person\/a66e4367284eb709977eaceffea97678"},"breadcrumb":{"@id":"https:\/\/educacaointegral.org.br\/especiais\/educacao-integral-na-serra\/2021\/04\/26\/5\/#breadcrumb"},"inLanguage":"pt-BR","potentialAction":[{"@type":"ReadAction","target":["https:\/\/educacaointegral.org.br\/especiais\/educacao-integral-na-serra\/2021\/04\/26\/5\/"]}]},{"@type":"BreadcrumbList","@id":"https:\/\/educacaointegral.org.br\/especiais\/educacao-integral-na-serra\/2021\/04\/26\/5\/#breadcrumb","itemListElement":[{"@type":"ListItem","position":1,"name":"In\u00edcio","item":"https:\/\/educacaointegral.org.br\/especiais\/educacao-integral-na-serra\/"},{"@type":"ListItem","position":2,"name":"\u00c1gua \u00e9 vida"}]},{"@type":"WebSite","@id":"https:\/\/educacaointegral.org.br\/especiais\/educacao-integral-na-serra\/#website","url":"https:\/\/educacaointegral.org.br\/especiais\/educacao-integral-na-serra\/","name":"Educa\u00e7\u00e3o Integral na Serra","description":"Educa\u00e7\u00e3o Integral e Territ\u00f3rios Educativos nas Pr\u00e1ticas Pedag\u00f3gicas da rede municipal de ensino de Serra","potentialAction":[{"@type":"SearchAction","target":{"@type":"EntryPoint","urlTemplate":"https:\/\/educacaointegral.org.br\/especiais\/educacao-integral-na-serra\/?s={search_term_string}"},"query-input":"required name=search_term_string"}],"inLanguage":"pt-BR"},{"@type":"Person","@id":"https:\/\/educacaointegral.org.br\/especiais\/educacao-integral-na-serra\/#\/schema\/person\/a66e4367284eb709977eaceffea97678","name":"adminAprendiz","image":{"@type":"ImageObject","inLanguage":"pt-BR","@id":"https:\/\/educacaointegral.org.br\/especiais\/educacao-integral-na-serra\/#\/schema\/person\/image\/","url":"https:\/\/secure.gravatar.com\/avatar\/2c1508892e383f1f83fa78473fbd7041?s=96&d=mm&r=g","contentUrl":"https:\/\/secure.gravatar.com\/avatar\/2c1508892e383f1f83fa78473fbd7041?s=96&d=mm&r=g","caption":"adminAprendiz"},"url":"https:\/\/educacaointegral.org.br\/especiais\/educacao-integral-na-serra\/author\/adminaprendiz\/"}]}},"_links":{"self":[{"href":"https:\/\/educacaointegral.org.br\/especiais\/educacao-integral-na-serra\/wp-json\/wp\/v2\/posts\/5"}],"collection":[{"href":"https:\/\/educacaointegral.org.br\/especiais\/educacao-integral-na-serra\/wp-json\/wp\/v2\/posts"}],"about":[{"href":"https:\/\/educacaointegral.org.br\/especiais\/educacao-integral-na-serra\/wp-json\/wp\/v2\/types\/post"}],"author":[{"embeddable":true,"href":"https:\/\/educacaointegral.org.br\/especiais\/educacao-integral-na-serra\/wp-json\/wp\/v2\/users\/1"}],"replies":[{"embeddable":true,"href":"https:\/\/educacaointegral.org.br\/especiais\/educacao-integral-na-serra\/wp-json\/wp\/v2\/comments?post=5"}],"version-history":[{"count":6,"href":"https:\/\/educacaointegral.org.br\/especiais\/educacao-integral-na-serra\/wp-json\/wp\/v2\/posts\/5\/revisions"}],"predecessor-version":[{"id":13,"href":"https:\/\/educacaointegral.org.br\/especiais\/educacao-integral-na-serra\/wp-json\/wp\/v2\/posts\/5\/revisions\/13"}],"wp:attachment":[{"href":"https:\/\/educacaointegral.org.br\/especiais\/educacao-integral-na-serra\/wp-json\/wp\/v2\/media?parent=5"}],"wp:term":[{"taxonomy":"category","embeddable":true,"href":"https:\/\/educacaointegral.org.br\/especiais\/educacao-integral-na-serra\/wp-json\/wp\/v2\/categories?post=5"},{"taxonomy":"post_tag","embeddable":true,"href":"https:\/\/educacaointegral.org.br\/especiais\/educacao-integral-na-serra\/wp-json\/wp\/v2\/tags?post=5"}],"curies":[{"name":"wp","href":"https:\/\/api.w.org\/{rel}","templated":true}]}}