{"id":33,"date":"2021-04-26T15:39:38","date_gmt":"2021-04-26T18:39:38","guid":{"rendered":"https:\/\/educacaointegral.org.br\/especiais\/educacao-integral-na-serra\/?p=33"},"modified":"2021-04-26T15:39:39","modified_gmt":"2021-04-26T18:39:39","slug":"saudades-de-voce","status":"publish","type":"post","link":"https:\/\/educacaointegral.org.br\/especiais\/educacao-integral-na-serra\/2021\/04\/26\/saudades-de-voce\/","title":{"rendered":"Saudades de voc\u00ea"},"content":{"rendered":"\n<div class=\"wp-container-1 wp-block-buttons alignright is-content-justification-right\">\n<div class=\"wp-block-button btn-baixe\"><a class=\"wp-block-button__link has-background has-luminous-vivid-amber-background-color\" style=\"border-radius:46px\">Baixe essa pr\u00e1tica<\/a><\/div>\n<\/div>\n\n\n\n<div style=\"height:26px\" aria-hidden=\"true\" class=\"wp-block-spacer\"><\/div>\n\n\n\n<div class=\"wp-block-columns\">\n<div class=\"wp-block-column\" style=\"flex-basis:20%\">\n<div class=\"wp-block-image\"><figure class=\"alignright size-large\"><img src=\"https:\/\/educacaointegral.org.br\/especiais\/educacao-integral-na-serra\/wp-content\/uploads\/sites\/5\/2021\/04\/icon-planeje.png\" alt=\"\" class=\"wp-image-13\"\/><\/figure><\/div>\n\n\n\n<p><\/p>\n<\/div>\n\n\n\n<div class=\"wp-block-column\">\n<p><strong>Etapa:<\/strong> \u00a0\u00a0Educa\u00e7\u00e3o Infantil<\/p>\n\n\n\n<p><strong>Objetivos:<\/strong>&nbsp;<\/p>\n\n\n\n<ul><li>Acolher e levar conforto e alegria em tempos de afastamento social e aulas n\u00e3o presenciais.\u00a0<\/li><li>Estimular a aprendizagem atrav\u00e9s de brincadeiras e intera\u00e7\u00f5es.<\/li><li>Estimular a intera\u00e7\u00e3o e participa\u00e7\u00e3o da fam\u00edlia.\u00a0<\/li><li>Desafiar a crian\u00e7a a propor solu\u00e7\u00f5es para problemas cotidianos.<\/li><li>Estabelecer rotinas.\u00a0<\/li><li>Reconhecer os espa\u00e7os da casa.\u00a0<\/li><\/ul>\n\n\n\n<p><strong><strong>Tempo para a atividade<\/strong>:<\/strong> 4 aulas<\/p>\n<\/div>\n<\/div>\n\n\n\n<hr class=\"wp-block-separator has-text-color has-background has-very-light-gray-background-color has-very-light-gray-color is-style-default\"\/>\n\n\n\n<div class=\"wp-block-columns\">\n<div class=\"wp-block-column\" style=\"flex-basis:20%\">\n<div class=\"wp-block-image\"><figure class=\"alignright size-large\"><img src=\"https:\/\/educacaointegral.org.br\/especiais\/educacao-integral-na-serra\/wp-content\/uploads\/sites\/5\/2021\/04\/icon-implemente-amarelo.png\" alt=\"\" class=\"wp-image-16\"\/><\/figure><\/div>\n<\/div>\n\n\n\n<div class=\"wp-block-column\">\n<p><strong>Intencionalidades pedag\u00f3gicas:<\/strong> A fam\u00edlia, os professores e a Unidade de Ensino ajudam no desenvolvimento da atividade, que chega atrav\u00e9s da postagem de links ou arquivos nos grupos de pais do WhatsApp. As atividades s\u00e3o mediadas pela fam\u00edlia de forma direta e indiretamente pelos professores por ensino remoto, atrav\u00e9s do direcionamento de atividades e esclarecimento de d\u00favidas pelo envio de informa\u00e7\u00f5es, \u00e1udios e v\u00eddeos no celular, sendo garantida a equidade com a entrega de material impresso para fam\u00edlias sem acesso \u00e0 internet.&nbsp;<\/p>\n\n\n\n<p>As intera\u00e7\u00f5es para devolutivas se d\u00e3o pelo envio de fotos das atividades, atendimento telef\u00f4nico ou chamadas de v\u00eddeo com a fam\u00edlia e a crian\u00e7a, n\u00e3o sendo ainda seguro e aprovado pela Secretaria da Sa\u00fade do Estado do Esp\u00edrito Santo a manipula\u00e7\u00e3o do papel impresso pelos profissionais da educa\u00e7\u00e3o em virtude da pandemia.&nbsp;<\/p>\n\n\n\n<p>Haver\u00e1 gest\u00e3o para controle e acompanhamento das entregas e devolutivas por meio de formul\u00e1rios pr\u00f3prios para esse fim, al\u00e9m de busca ativa pela Unidade de Ensino para favorecer a inclus\u00e3o e evitar evas\u00e3o escolar.<\/p>\n\n\n\n<p><strong>Como acontece: <\/strong>Envie a proposta \u00e0s fam\u00edlias das crian\u00e7as atrav\u00e9s dos canais de comunica\u00e7\u00e3o combinados com a escola. Trata-se de uma sequ\u00eancia did\u00e1tica para uma semana de atividades:<\/p>\n\n\n\n<p>Segunda-feira: Quem sou eu? Meu nome e o nome dos familiares (pesquisa em documentos de identidade, fotos, e registros em folhas de caderno). Sentimento de perten\u00e7a e cidadania (eu\/fam\u00edlia\/comunidade).&nbsp;<\/p>\n\n\n\n<p>Ter\u00e7a-feira: Como eu sou? Caracter\u00edsticas f\u00edsicas (uso do espelho e desenho no caderno). E os outros, como s\u00e3o? (orienta\u00e7\u00e3o para discuss\u00f5es sobre diversidade, respeito e toler\u00e2ncia).&nbsp;<\/p>\n\n\n\n<p>Quarta-feira: Qual o meu tamanho? As medidas do meu universo (uso de instrumentos de medi\u00e7\u00e3o como trena, fita m\u00e9trica, palmo da m\u00e3o, entre outros).&nbsp;<\/p>\n\n\n\n<p>Quinta-feira: O que me emociona? Minha personalidade (preenchimento de tabelas e listas das diferentes emo\u00e7\u00f5es, comparando a listagem da crian\u00e7a com a de seus familiares para melhorar as rela\u00e7\u00f5es interpessoais e promover a sa\u00fade f\u00edsica e mental).&nbsp;<\/p>\n\n\n\n<p>Sexta-feira: Por que \u00e9 bom ser crian\u00e7a? O sentido e a alegria da vida e da minha exist\u00eancia (compara\u00e7\u00e3o das diferen\u00e7as entre atividades do mundo infantil e adulto, direitos e deveres, trabalho, estudo, divers\u00e3o e lazer).&nbsp;<\/p>\n\n\n\n<p>A fam\u00edlia ajudar\u00e1 a crian\u00e7a a produzir uma narrativa visual de sua condi\u00e7\u00e3o como ser humano \u201cbrincante\u201d. Podem ser ilustra\u00e7\u00f5es ou fotos\/\u00e1udios\/v\u00eddeos de sua rotina com os brinquedos e brincadeiras, falas e percep\u00e7\u00f5es de si mesma como crian\u00e7a.<\/p>\n\n\n\n<p><\/p>\n<\/div>\n<\/div>\n\n\n\n<hr class=\"wp-block-separator has-text-color has-background has-very-light-gray-background-color has-very-light-gray-color is-style-default\"\/>\n\n\n\n<div class=\"wp-block-columns\">\n<div class=\"wp-block-column\" style=\"flex-basis:20%\">\n<div class=\"wp-block-image\"><figure class=\"alignright size-large\"><img src=\"https:\/\/educacaointegral.org.br\/especiais\/educacao-integral-na-serra\/wp-content\/uploads\/sites\/5\/2021\/04\/icon-fica-a-dica-amarelo.png\" alt=\"\" class=\"wp-image-61\"\/><\/figure><\/div>\n<\/div>\n\n\n\n<div class=\"wp-block-column\">\n<ul><li>\u00c9 poss\u00edvel fazer uma exposi\u00e7\u00e3o de todos os desenhos utilizando recursos on-line como o <a href=\"https:\/\/padlet.com\/\"><em>padlet<\/em><\/a> (mural interativo gratuito) para ser compartilhado com a turma.<\/li><li>Fica interessante explorar imagens, como as obras de arte, que expressam sentimentos e identific\u00e1-los junto com as crian\u00e7as.<\/li><\/ul>\n<\/div>\n<\/div>\n\n\n\n<p><\/p>\n","protected":false},"excerpt":{"rendered":"<p>Etapa: \u00a0\u00a0Educa\u00e7\u00e3o Infantil Objetivos:&nbsp; Acolher e levar conforto e alegria em tempos de afastamento social e aulas n\u00e3o presenciais.\u00a0 Estimular a aprendizagem atrav\u00e9s de brincadeiras e intera\u00e7\u00f5es. Estimular a intera\u00e7\u00e3o e participa\u00e7\u00e3o da fam\u00edlia.\u00a0 Desafiar a crian\u00e7a a propor solu\u00e7\u00f5es para problemas cotidianos. Estabelecer rotinas.\u00a0 Reconhecer os espa\u00e7os da casa.\u00a0 Tempo para a atividade: 4 [&hellip;]<\/p>\n","protected":false},"author":1,"featured_media":0,"comment_status":"open","ping_status":"open","sticky":false,"template":"","format":"standard","meta":[],"categories":[2],"tags":[],"yoast_head":"<!-- This site is optimized with the Yoast SEO plugin v19.13 - https:\/\/yoast.com\/wordpress\/plugins\/seo\/ -->\n<title>Saudades de voc\u00ea - Educa\u00e7\u00e3o Integral na Serra<\/title>\n<meta name=\"robots\" content=\"index, follow, max-snippet:-1, max-image-preview:large, max-video-preview:-1\" \/>\n<link rel=\"canonical\" href=\"https:\/\/educacaointegral.org.br\/especiais\/educacao-integral-na-serra\/2021\/04\/26\/saudades-de-voce\/\" \/>\n<meta property=\"og:locale\" content=\"pt_BR\" \/>\n<meta property=\"og:type\" content=\"article\" \/>\n<meta property=\"og:title\" content=\"Saudades de voc\u00ea - Educa\u00e7\u00e3o Integral na Serra\" \/>\n<meta property=\"og:description\" content=\"Etapa: \u00a0\u00a0Educa\u00e7\u00e3o Infantil Objetivos:&nbsp; Acolher e levar conforto e alegria em tempos de afastamento social e aulas n\u00e3o presenciais.\u00a0 Estimular a aprendizagem atrav\u00e9s de brincadeiras e intera\u00e7\u00f5es. Estimular a intera\u00e7\u00e3o e participa\u00e7\u00e3o da fam\u00edlia.\u00a0 Desafiar a crian\u00e7a a propor solu\u00e7\u00f5es para problemas cotidianos. Estabelecer rotinas.\u00a0 Reconhecer os espa\u00e7os da casa.\u00a0 Tempo para a atividade: 4 [&hellip;]\" \/>\n<meta property=\"og:url\" content=\"https:\/\/educacaointegral.org.br\/especiais\/educacao-integral-na-serra\/2021\/04\/26\/saudades-de-voce\/\" \/>\n<meta property=\"og:site_name\" content=\"Educa\u00e7\u00e3o Integral na Serra\" \/>\n<meta property=\"article:published_time\" content=\"2021-04-26T18:39:38+00:00\" \/>\n<meta property=\"article:modified_time\" content=\"2021-04-26T18:39:39+00:00\" \/>\n<meta property=\"og:image\" content=\"https:\/\/educacaointegral.org.br\/especiais\/educacao-integral-na-serra\/wp-content\/uploads\/sites\/5\/2021\/04\/icon-planeje.png\" \/>\n<meta name=\"author\" content=\"adminAprendiz\" \/>\n<meta name=\"twitter:card\" content=\"summary_large_image\" \/>\n<meta name=\"twitter:label1\" content=\"Escrito por\" \/>\n\t<meta name=\"twitter:data1\" content=\"adminAprendiz\" \/>\n\t<meta name=\"twitter:label2\" content=\"Est. tempo de leitura\" \/>\n\t<meta name=\"twitter:data2\" content=\"3 minutos\" \/>\n<script type=\"application\/ld+json\" class=\"yoast-schema-graph\">{\"@context\":\"https:\/\/schema.org\",\"@graph\":[{\"@type\":\"WebPage\",\"@id\":\"https:\/\/educacaointegral.org.br\/especiais\/educacao-integral-na-serra\/2021\/04\/26\/saudades-de-voce\/\",\"url\":\"https:\/\/educacaointegral.org.br\/especiais\/educacao-integral-na-serra\/2021\/04\/26\/saudades-de-voce\/\",\"name\":\"Saudades de voc\u00ea - Educa\u00e7\u00e3o Integral na Serra\",\"isPartOf\":{\"@id\":\"https:\/\/educacaointegral.org.br\/especiais\/educacao-integral-na-serra\/#website\"},\"datePublished\":\"2021-04-26T18:39:38+00:00\",\"dateModified\":\"2021-04-26T18:39:39+00:00\",\"author\":{\"@id\":\"https:\/\/educacaointegral.org.br\/especiais\/educacao-integral-na-serra\/#\/schema\/person\/a66e4367284eb709977eaceffea97678\"},\"breadcrumb\":{\"@id\":\"https:\/\/educacaointegral.org.br\/especiais\/educacao-integral-na-serra\/2021\/04\/26\/saudades-de-voce\/#breadcrumb\"},\"inLanguage\":\"pt-BR\",\"potentialAction\":[{\"@type\":\"ReadAction\",\"target\":[\"https:\/\/educacaointegral.org.br\/especiais\/educacao-integral-na-serra\/2021\/04\/26\/saudades-de-voce\/\"]}]},{\"@type\":\"BreadcrumbList\",\"@id\":\"https:\/\/educacaointegral.org.br\/especiais\/educacao-integral-na-serra\/2021\/04\/26\/saudades-de-voce\/#breadcrumb\",\"itemListElement\":[{\"@type\":\"ListItem\",\"position\":1,\"name\":\"In\u00edcio\",\"item\":\"https:\/\/educacaointegral.org.br\/especiais\/educacao-integral-na-serra\/\"},{\"@type\":\"ListItem\",\"position\":2,\"name\":\"Saudades de voc\u00ea\"}]},{\"@type\":\"WebSite\",\"@id\":\"https:\/\/educacaointegral.org.br\/especiais\/educacao-integral-na-serra\/#website\",\"url\":\"https:\/\/educacaointegral.org.br\/especiais\/educacao-integral-na-serra\/\",\"name\":\"Educa\u00e7\u00e3o Integral na Serra\",\"description\":\"Educa\u00e7\u00e3o Integral e Territ\u00f3rios Educativos nas Pr\u00e1ticas Pedag\u00f3gicas da rede municipal de ensino de Serra\",\"potentialAction\":[{\"@type\":\"SearchAction\",\"target\":{\"@type\":\"EntryPoint\",\"urlTemplate\":\"https:\/\/educacaointegral.org.br\/especiais\/educacao-integral-na-serra\/?s={search_term_string}\"},\"query-input\":\"required name=search_term_string\"}],\"inLanguage\":\"pt-BR\"},{\"@type\":\"Person\",\"@id\":\"https:\/\/educacaointegral.org.br\/especiais\/educacao-integral-na-serra\/#\/schema\/person\/a66e4367284eb709977eaceffea97678\",\"name\":\"adminAprendiz\",\"image\":{\"@type\":\"ImageObject\",\"inLanguage\":\"pt-BR\",\"@id\":\"https:\/\/educacaointegral.org.br\/especiais\/educacao-integral-na-serra\/#\/schema\/person\/image\/\",\"url\":\"https:\/\/secure.gravatar.com\/avatar\/2c1508892e383f1f83fa78473fbd7041?s=96&d=mm&r=g\",\"contentUrl\":\"https:\/\/secure.gravatar.com\/avatar\/2c1508892e383f1f83fa78473fbd7041?s=96&d=mm&r=g\",\"caption\":\"adminAprendiz\"},\"url\":\"https:\/\/educacaointegral.org.br\/especiais\/educacao-integral-na-serra\/author\/adminaprendiz\/\"}]}<\/script>\n<!-- \/ Yoast SEO plugin. -->","yoast_head_json":{"title":"Saudades de voc\u00ea - Educa\u00e7\u00e3o Integral na Serra","robots":{"index":"index","follow":"follow","max-snippet":"max-snippet:-1","max-image-preview":"max-image-preview:large","max-video-preview":"max-video-preview:-1"},"canonical":"https:\/\/educacaointegral.org.br\/especiais\/educacao-integral-na-serra\/2021\/04\/26\/saudades-de-voce\/","og_locale":"pt_BR","og_type":"article","og_title":"Saudades de voc\u00ea - Educa\u00e7\u00e3o Integral na Serra","og_description":"Etapa: \u00a0\u00a0Educa\u00e7\u00e3o Infantil Objetivos:&nbsp; Acolher e levar conforto e alegria em tempos de afastamento social e aulas n\u00e3o presenciais.\u00a0 Estimular a aprendizagem atrav\u00e9s de brincadeiras e intera\u00e7\u00f5es. Estimular a intera\u00e7\u00e3o e participa\u00e7\u00e3o da fam\u00edlia.\u00a0 Desafiar a crian\u00e7a a propor solu\u00e7\u00f5es para problemas cotidianos. Estabelecer rotinas.\u00a0 Reconhecer os espa\u00e7os da casa.\u00a0 Tempo para a atividade: 4 [&hellip;]","og_url":"https:\/\/educacaointegral.org.br\/especiais\/educacao-integral-na-serra\/2021\/04\/26\/saudades-de-voce\/","og_site_name":"Educa\u00e7\u00e3o Integral na Serra","article_published_time":"2021-04-26T18:39:38+00:00","article_modified_time":"2021-04-26T18:39:39+00:00","og_image":[{"url":"https:\/\/educacaointegral.org.br\/especiais\/educacao-integral-na-serra\/wp-content\/uploads\/sites\/5\/2021\/04\/icon-planeje.png"}],"author":"adminAprendiz","twitter_card":"summary_large_image","twitter_misc":{"Escrito por":"adminAprendiz","Est. tempo de leitura":"3 minutos"},"schema":{"@context":"https:\/\/schema.org","@graph":[{"@type":"WebPage","@id":"https:\/\/educacaointegral.org.br\/especiais\/educacao-integral-na-serra\/2021\/04\/26\/saudades-de-voce\/","url":"https:\/\/educacaointegral.org.br\/especiais\/educacao-integral-na-serra\/2021\/04\/26\/saudades-de-voce\/","name":"Saudades de voc\u00ea - Educa\u00e7\u00e3o Integral na Serra","isPartOf":{"@id":"https:\/\/educacaointegral.org.br\/especiais\/educacao-integral-na-serra\/#website"},"datePublished":"2021-04-26T18:39:38+00:00","dateModified":"2021-04-26T18:39:39+00:00","author":{"@id":"https:\/\/educacaointegral.org.br\/especiais\/educacao-integral-na-serra\/#\/schema\/person\/a66e4367284eb709977eaceffea97678"},"breadcrumb":{"@id":"https:\/\/educacaointegral.org.br\/especiais\/educacao-integral-na-serra\/2021\/04\/26\/saudades-de-voce\/#breadcrumb"},"inLanguage":"pt-BR","potentialAction":[{"@type":"ReadAction","target":["https:\/\/educacaointegral.org.br\/especiais\/educacao-integral-na-serra\/2021\/04\/26\/saudades-de-voce\/"]}]},{"@type":"BreadcrumbList","@id":"https:\/\/educacaointegral.org.br\/especiais\/educacao-integral-na-serra\/2021\/04\/26\/saudades-de-voce\/#breadcrumb","itemListElement":[{"@type":"ListItem","position":1,"name":"In\u00edcio","item":"https:\/\/educacaointegral.org.br\/especiais\/educacao-integral-na-serra\/"},{"@type":"ListItem","position":2,"name":"Saudades de voc\u00ea"}]},{"@type":"WebSite","@id":"https:\/\/educacaointegral.org.br\/especiais\/educacao-integral-na-serra\/#website","url":"https:\/\/educacaointegral.org.br\/especiais\/educacao-integral-na-serra\/","name":"Educa\u00e7\u00e3o Integral na Serra","description":"Educa\u00e7\u00e3o Integral e Territ\u00f3rios Educativos nas Pr\u00e1ticas Pedag\u00f3gicas da rede municipal de ensino de Serra","potentialAction":[{"@type":"SearchAction","target":{"@type":"EntryPoint","urlTemplate":"https:\/\/educacaointegral.org.br\/especiais\/educacao-integral-na-serra\/?s={search_term_string}"},"query-input":"required name=search_term_string"}],"inLanguage":"pt-BR"},{"@type":"Person","@id":"https:\/\/educacaointegral.org.br\/especiais\/educacao-integral-na-serra\/#\/schema\/person\/a66e4367284eb709977eaceffea97678","name":"adminAprendiz","image":{"@type":"ImageObject","inLanguage":"pt-BR","@id":"https:\/\/educacaointegral.org.br\/especiais\/educacao-integral-na-serra\/#\/schema\/person\/image\/","url":"https:\/\/secure.gravatar.com\/avatar\/2c1508892e383f1f83fa78473fbd7041?s=96&d=mm&r=g","contentUrl":"https:\/\/secure.gravatar.com\/avatar\/2c1508892e383f1f83fa78473fbd7041?s=96&d=mm&r=g","caption":"adminAprendiz"},"url":"https:\/\/educacaointegral.org.br\/especiais\/educacao-integral-na-serra\/author\/adminaprendiz\/"}]}},"_links":{"self":[{"href":"https:\/\/educacaointegral.org.br\/especiais\/educacao-integral-na-serra\/wp-json\/wp\/v2\/posts\/33"}],"collection":[{"href":"https:\/\/educacaointegral.org.br\/especiais\/educacao-integral-na-serra\/wp-json\/wp\/v2\/posts"}],"about":[{"href":"https:\/\/educacaointegral.org.br\/especiais\/educacao-integral-na-serra\/wp-json\/wp\/v2\/types\/post"}],"author":[{"embeddable":true,"href":"https:\/\/educacaointegral.org.br\/especiais\/educacao-integral-na-serra\/wp-json\/wp\/v2\/users\/1"}],"replies":[{"embeddable":true,"href":"https:\/\/educacaointegral.org.br\/especiais\/educacao-integral-na-serra\/wp-json\/wp\/v2\/comments?post=33"}],"version-history":[{"count":1,"href":"https:\/\/educacaointegral.org.br\/especiais\/educacao-integral-na-serra\/wp-json\/wp\/v2\/posts\/33\/revisions"}],"predecessor-version":[{"id":34,"href":"https:\/\/educacaointegral.org.br\/especiais\/educacao-integral-na-serra\/wp-json\/wp\/v2\/posts\/33\/revisions\/34"}],"wp:attachment":[{"href":"https:\/\/educacaointegral.org.br\/especiais\/educacao-integral-na-serra\/wp-json\/wp\/v2\/media?parent=33"}],"wp:term":[{"taxonomy":"category","embeddable":true,"href":"https:\/\/educacaointegral.org.br\/especiais\/educacao-integral-na-serra\/wp-json\/wp\/v2\/categories?post=33"},{"taxonomy":"post_tag","embeddable":true,"href":"https:\/\/educacaointegral.org.br\/especiais\/educacao-integral-na-serra\/wp-json\/wp\/v2\/tags?post=33"}],"curies":[{"name":"wp","href":"https:\/\/api.w.org\/{rel}","templated":true}]}}