{"id":26,"date":"2021-04-26T15:20:48","date_gmt":"2021-04-26T18:20:48","guid":{"rendered":"https:\/\/educacaointegral.org.br\/especiais\/educacao-integral-na-serra\/?p=26"},"modified":"2021-04-26T15:20:48","modified_gmt":"2021-04-26T18:20:48","slug":"vamos-nos-corresponder","status":"publish","type":"post","link":"https:\/\/educacaointegral.org.br\/especiais\/educacao-integral-na-serra\/2021\/04\/26\/vamos-nos-corresponder\/","title":{"rendered":"Vamos nos corresponder?"},"content":{"rendered":"\n<div class=\"wp-container-1 wp-block-buttons alignright is-content-justification-right\">\n<div class=\"wp-block-button btn-baixe\"><a class=\"wp-block-button__link has-background has-luminous-vivid-amber-background-color\" style=\"border-radius:46px\">Baixe essa pr\u00e1tica<\/a><\/div>\n<\/div>\n\n\n\n<div style=\"height:26px\" aria-hidden=\"true\" class=\"wp-block-spacer\"><\/div>\n\n\n\n<div class=\"wp-block-columns\">\n<div class=\"wp-block-column\" style=\"flex-basis:20%\">\n<div class=\"wp-block-image\"><figure class=\"alignright size-large\"><img src=\"https:\/\/educacaointegral.org.br\/especiais\/educacao-integral-na-serra\/wp-content\/uploads\/sites\/5\/2021\/04\/icon-planeje.png\" alt=\"\" class=\"wp-image-13\"\/><\/figure><\/div>\n\n\n\n<p><\/p>\n<\/div>\n\n\n\n<div class=\"wp-block-column\">\n<p><strong>Etapa:<\/strong> \u00a0\u00a02\u00ba ano do Ensino Fundamental<\/p>\n\n\n\n<p><strong>Objetivos:<\/strong>&nbsp;<\/p>\n\n\n\n<ul><li>Proporcionar o acolhimento e a interatividade entre a crian\u00e7a, os profissionais da escola e seus familiares.\u00a0<\/li><li>Estimular a identifica\u00e7\u00e3o de diferentes g\u00eaneros textuais.\u00a0<\/li><li>Desenvolver habilidades da linguagem oral e da linguagem escrita.<\/li><\/ul>\n\n\n\n<p><strong><strong>Tempo para a atividade<\/strong>:<\/strong> 2 aulas<\/p>\n<\/div>\n<\/div>\n\n\n\n<hr class=\"wp-block-separator has-text-color has-background has-very-light-gray-background-color has-very-light-gray-color is-style-default\"\/>\n\n\n\n<div class=\"wp-block-columns\">\n<div class=\"wp-block-column\" style=\"flex-basis:20%\">\n<div class=\"wp-block-image\"><figure class=\"alignright size-large\"><img src=\"https:\/\/educacaointegral.org.br\/especiais\/educacao-integral-na-serra\/wp-content\/uploads\/sites\/5\/2021\/04\/icon-implemente-amarelo.png\" alt=\"\" class=\"wp-image-16\"\/><\/figure><\/div>\n<\/div>\n\n\n\n<div class=\"wp-block-column\">\n<p><strong>Intencionalidades pedag\u00f3gicas:<\/strong> A linguagem \u00e9 uma atividade humana que medeia as a\u00e7\u00f5es dos indiv\u00edduos na realidade concreta. Nesta perspectiva, compreende-se que \u00e9 pela linguagem que o indiv\u00edduo tem acesso a todo e qualquer tipo de informa\u00e7\u00e3o, bem como, constr\u00f3i conhecimento. Assim, esta atividade intenciona oferecer subs\u00eddios para estabelecer v\u00ednculo entre todos os sujeitos envolvidos, atrav\u00e9s de intera\u00e7\u00f5es com a linguagem liter\u00e1ria como disparadora de reflex\u00f5es, potencializando o di\u00e1logo e a troca de experi\u00eancias entre os envolvidos.<\/p>\n\n\n\n<p><strong>Como acontece: <\/strong>Para esta pr\u00e1tica,<strong> <\/strong>sugere-se apresentar \u00e0s crian\u00e7as o livro \u201cO Carteiro Chegou\u201d, de Allan Ahlberg e Janet Ahlberg, publicado pela Editora Companhia das Letrinhas. A partir do livro ser\u00e1 poss\u00edvel compartilhar com as crian\u00e7as os g\u00eaneros textuais com \u00eanfase no processo de comunica\u00e7\u00e3o e sua evolu\u00e7\u00e3o atrav\u00e9s das m\u00eddias digitais, principalmente as cartas e bilhetes. Voc\u00ea pode incentivar sua turma a escrever uma carta para outras crian\u00e7as da turma, oferecendo uma proposta de correspond\u00eancia. \u00c9 poss\u00edvel explorar e-mails e v\u00eddeos tamb\u00e9m. A sugest\u00e3o \u00e9 que o tema para a comunica\u00e7\u00e3o entre as crian\u00e7as aborde como est\u00e3o se cuidando durante a pandemia. As correspond\u00eancias podem ser compartilhadas entre as crian\u00e7as da turma atrav\u00e9s de recursos digitais ou de forma f\u00edsica, encaminhando os registros para a escola, que providenciar\u00e1 a distribui\u00e7\u00e3o.<\/p>\n\n\n\n<p><\/p>\n<\/div>\n<\/div>\n\n\n\n<hr class=\"wp-block-separator has-text-color has-background has-very-light-gray-background-color has-very-light-gray-color is-style-default\"\/>\n\n\n\n<div class=\"wp-block-columns\">\n<div class=\"wp-block-column\" style=\"flex-basis:20%\">\n<div class=\"wp-block-image\"><figure class=\"alignright size-large\"><img src=\"https:\/\/educacaointegral.org.br\/especiais\/educacao-integral-na-serra\/wp-content\/uploads\/sites\/5\/2021\/04\/icon-fica-a-dica-amarelo.png\" alt=\"\" class=\"wp-image-61\"\/><\/figure><\/div>\n<\/div>\n\n\n\n<div class=\"wp-block-column\">\n<ul><li>Essa atividade pode ser realizada em aulas presenciais e em situa\u00e7\u00f5es de afastamento social.<\/li><li>As cartas tamb\u00e9m podem ser redigidas com o apoio de um aplicativo. Voc\u00ea pode usar o <a href=\"http:\/\/www.canva.com\">Canvas<\/a>, que \u00e9 uma plataforma gratuita de design gr\u00e1fico que permite criar v\u00e1rios tipos de registros, incluindo as cartas.<\/li><li>A troca de correspond\u00eancias aproxima mais as pessoas umas das outras e pode ser um excelente recurso para estreitar o v\u00ednculo entre alunos, professores e familiares. Para ampliar o conhecimento e o repert\u00f3rio profissional dos educadores h\u00e1 leituras sobre as correspond\u00eancias escolares na perspectiva de C\u00e9lestin Freinet, entre elas, uma publica\u00e7\u00e3o disponibilizada pela Nova Escola, dispon\u00edvel em <a href=\"https:\/\/novaescola.org.br\/conteudo\/1754\/celestin-freinet-o-mestre-do-trabalho-e-do-bom-senso\">https:\/\/novaescola.org.br\/conteudo\/1754\/celestin-freinet-o-mestre-do-trabalho-e-do-bom-senso<\/a>.<\/li><\/ul>\n<\/div>\n<\/div>\n\n\n\n<p><\/p>\n","protected":false},"excerpt":{"rendered":"<p>Etapa: \u00a0\u00a02\u00ba ano do Ensino Fundamental Objetivos:&nbsp; Proporcionar o acolhimento e a interatividade entre a crian\u00e7a, os profissionais da escola e seus familiares.\u00a0 Estimular a identifica\u00e7\u00e3o de diferentes g\u00eaneros textuais.\u00a0 Desenvolver habilidades da linguagem oral e da linguagem escrita. Tempo para a atividade: 2 aulas Intencionalidades pedag\u00f3gicas: A linguagem \u00e9 uma atividade humana que medeia [&hellip;]<\/p>\n","protected":false},"author":1,"featured_media":0,"comment_status":"open","ping_status":"open","sticky":false,"template":"","format":"standard","meta":[],"categories":[2],"tags":[],"yoast_head":"<!-- This site is optimized with the Yoast SEO plugin v19.13 - https:\/\/yoast.com\/wordpress\/plugins\/seo\/ -->\n<title>Vamos nos corresponder? - Educa\u00e7\u00e3o Integral na Serra<\/title>\n<meta name=\"robots\" content=\"index, follow, max-snippet:-1, max-image-preview:large, max-video-preview:-1\" \/>\n<link rel=\"canonical\" href=\"https:\/\/educacaointegral.org.br\/especiais\/educacao-integral-na-serra\/2021\/04\/26\/vamos-nos-corresponder\/\" \/>\n<meta property=\"og:locale\" content=\"pt_BR\" \/>\n<meta property=\"og:type\" content=\"article\" \/>\n<meta property=\"og:title\" content=\"Vamos nos corresponder? - Educa\u00e7\u00e3o Integral na Serra\" \/>\n<meta property=\"og:description\" content=\"Etapa: \u00a0\u00a02\u00ba ano do Ensino Fundamental Objetivos:&nbsp; Proporcionar o acolhimento e a interatividade entre a crian\u00e7a, os profissionais da escola e seus familiares.\u00a0 Estimular a identifica\u00e7\u00e3o de diferentes g\u00eaneros textuais.\u00a0 Desenvolver habilidades da linguagem oral e da linguagem escrita. Tempo para a atividade: 2 aulas Intencionalidades pedag\u00f3gicas: A linguagem \u00e9 uma atividade humana que medeia [&hellip;]\" \/>\n<meta property=\"og:url\" content=\"https:\/\/educacaointegral.org.br\/especiais\/educacao-integral-na-serra\/2021\/04\/26\/vamos-nos-corresponder\/\" \/>\n<meta property=\"og:site_name\" content=\"Educa\u00e7\u00e3o Integral na Serra\" \/>\n<meta property=\"article:published_time\" content=\"2021-04-26T18:20:48+00:00\" \/>\n<meta property=\"og:image\" content=\"https:\/\/educacaointegral.org.br\/especiais\/educacao-integral-na-serra\/wp-content\/uploads\/sites\/5\/2021\/04\/icon-planeje.png\" \/>\n<meta name=\"author\" content=\"adminAprendiz\" \/>\n<meta name=\"twitter:card\" content=\"summary_large_image\" \/>\n<meta name=\"twitter:label1\" content=\"Escrito por\" \/>\n\t<meta name=\"twitter:data1\" content=\"adminAprendiz\" \/>\n\t<meta name=\"twitter:label2\" content=\"Est. tempo de leitura\" \/>\n\t<meta name=\"twitter:data2\" content=\"2 minutos\" \/>\n<script type=\"application\/ld+json\" class=\"yoast-schema-graph\">{\"@context\":\"https:\/\/schema.org\",\"@graph\":[{\"@type\":\"WebPage\",\"@id\":\"https:\/\/educacaointegral.org.br\/especiais\/educacao-integral-na-serra\/2021\/04\/26\/vamos-nos-corresponder\/\",\"url\":\"https:\/\/educacaointegral.org.br\/especiais\/educacao-integral-na-serra\/2021\/04\/26\/vamos-nos-corresponder\/\",\"name\":\"Vamos nos corresponder? - Educa\u00e7\u00e3o Integral na Serra\",\"isPartOf\":{\"@id\":\"https:\/\/educacaointegral.org.br\/especiais\/educacao-integral-na-serra\/#website\"},\"datePublished\":\"2021-04-26T18:20:48+00:00\",\"dateModified\":\"2021-04-26T18:20:48+00:00\",\"author\":{\"@id\":\"https:\/\/educacaointegral.org.br\/especiais\/educacao-integral-na-serra\/#\/schema\/person\/a66e4367284eb709977eaceffea97678\"},\"breadcrumb\":{\"@id\":\"https:\/\/educacaointegral.org.br\/especiais\/educacao-integral-na-serra\/2021\/04\/26\/vamos-nos-corresponder\/#breadcrumb\"},\"inLanguage\":\"pt-BR\",\"potentialAction\":[{\"@type\":\"ReadAction\",\"target\":[\"https:\/\/educacaointegral.org.br\/especiais\/educacao-integral-na-serra\/2021\/04\/26\/vamos-nos-corresponder\/\"]}]},{\"@type\":\"BreadcrumbList\",\"@id\":\"https:\/\/educacaointegral.org.br\/especiais\/educacao-integral-na-serra\/2021\/04\/26\/vamos-nos-corresponder\/#breadcrumb\",\"itemListElement\":[{\"@type\":\"ListItem\",\"position\":1,\"name\":\"In\u00edcio\",\"item\":\"https:\/\/educacaointegral.org.br\/especiais\/educacao-integral-na-serra\/\"},{\"@type\":\"ListItem\",\"position\":2,\"name\":\"Vamos nos corresponder?\"}]},{\"@type\":\"WebSite\",\"@id\":\"https:\/\/educacaointegral.org.br\/especiais\/educacao-integral-na-serra\/#website\",\"url\":\"https:\/\/educacaointegral.org.br\/especiais\/educacao-integral-na-serra\/\",\"name\":\"Educa\u00e7\u00e3o Integral na Serra\",\"description\":\"Educa\u00e7\u00e3o Integral e Territ\u00f3rios Educativos nas Pr\u00e1ticas Pedag\u00f3gicas da rede municipal de ensino de Serra\",\"potentialAction\":[{\"@type\":\"SearchAction\",\"target\":{\"@type\":\"EntryPoint\",\"urlTemplate\":\"https:\/\/educacaointegral.org.br\/especiais\/educacao-integral-na-serra\/?s={search_term_string}\"},\"query-input\":\"required name=search_term_string\"}],\"inLanguage\":\"pt-BR\"},{\"@type\":\"Person\",\"@id\":\"https:\/\/educacaointegral.org.br\/especiais\/educacao-integral-na-serra\/#\/schema\/person\/a66e4367284eb709977eaceffea97678\",\"name\":\"adminAprendiz\",\"image\":{\"@type\":\"ImageObject\",\"inLanguage\":\"pt-BR\",\"@id\":\"https:\/\/educacaointegral.org.br\/especiais\/educacao-integral-na-serra\/#\/schema\/person\/image\/\",\"url\":\"https:\/\/secure.gravatar.com\/avatar\/2c1508892e383f1f83fa78473fbd7041?s=96&d=mm&r=g\",\"contentUrl\":\"https:\/\/secure.gravatar.com\/avatar\/2c1508892e383f1f83fa78473fbd7041?s=96&d=mm&r=g\",\"caption\":\"adminAprendiz\"},\"url\":\"https:\/\/educacaointegral.org.br\/especiais\/educacao-integral-na-serra\/author\/adminaprendiz\/\"}]}<\/script>\n<!-- \/ Yoast SEO plugin. -->","yoast_head_json":{"title":"Vamos nos corresponder? - Educa\u00e7\u00e3o Integral na Serra","robots":{"index":"index","follow":"follow","max-snippet":"max-snippet:-1","max-image-preview":"max-image-preview:large","max-video-preview":"max-video-preview:-1"},"canonical":"https:\/\/educacaointegral.org.br\/especiais\/educacao-integral-na-serra\/2021\/04\/26\/vamos-nos-corresponder\/","og_locale":"pt_BR","og_type":"article","og_title":"Vamos nos corresponder? - Educa\u00e7\u00e3o Integral na Serra","og_description":"Etapa: \u00a0\u00a02\u00ba ano do Ensino Fundamental Objetivos:&nbsp; Proporcionar o acolhimento e a interatividade entre a crian\u00e7a, os profissionais da escola e seus familiares.\u00a0 Estimular a identifica\u00e7\u00e3o de diferentes g\u00eaneros textuais.\u00a0 Desenvolver habilidades da linguagem oral e da linguagem escrita. Tempo para a atividade: 2 aulas Intencionalidades pedag\u00f3gicas: A linguagem \u00e9 uma atividade humana que medeia [&hellip;]","og_url":"https:\/\/educacaointegral.org.br\/especiais\/educacao-integral-na-serra\/2021\/04\/26\/vamos-nos-corresponder\/","og_site_name":"Educa\u00e7\u00e3o Integral na Serra","article_published_time":"2021-04-26T18:20:48+00:00","og_image":[{"url":"https:\/\/educacaointegral.org.br\/especiais\/educacao-integral-na-serra\/wp-content\/uploads\/sites\/5\/2021\/04\/icon-planeje.png"}],"author":"adminAprendiz","twitter_card":"summary_large_image","twitter_misc":{"Escrito por":"adminAprendiz","Est. tempo de leitura":"2 minutos"},"schema":{"@context":"https:\/\/schema.org","@graph":[{"@type":"WebPage","@id":"https:\/\/educacaointegral.org.br\/especiais\/educacao-integral-na-serra\/2021\/04\/26\/vamos-nos-corresponder\/","url":"https:\/\/educacaointegral.org.br\/especiais\/educacao-integral-na-serra\/2021\/04\/26\/vamos-nos-corresponder\/","name":"Vamos nos corresponder? - Educa\u00e7\u00e3o Integral na Serra","isPartOf":{"@id":"https:\/\/educacaointegral.org.br\/especiais\/educacao-integral-na-serra\/#website"},"datePublished":"2021-04-26T18:20:48+00:00","dateModified":"2021-04-26T18:20:48+00:00","author":{"@id":"https:\/\/educacaointegral.org.br\/especiais\/educacao-integral-na-serra\/#\/schema\/person\/a66e4367284eb709977eaceffea97678"},"breadcrumb":{"@id":"https:\/\/educacaointegral.org.br\/especiais\/educacao-integral-na-serra\/2021\/04\/26\/vamos-nos-corresponder\/#breadcrumb"},"inLanguage":"pt-BR","potentialAction":[{"@type":"ReadAction","target":["https:\/\/educacaointegral.org.br\/especiais\/educacao-integral-na-serra\/2021\/04\/26\/vamos-nos-corresponder\/"]}]},{"@type":"BreadcrumbList","@id":"https:\/\/educacaointegral.org.br\/especiais\/educacao-integral-na-serra\/2021\/04\/26\/vamos-nos-corresponder\/#breadcrumb","itemListElement":[{"@type":"ListItem","position":1,"name":"In\u00edcio","item":"https:\/\/educacaointegral.org.br\/especiais\/educacao-integral-na-serra\/"},{"@type":"ListItem","position":2,"name":"Vamos nos corresponder?"}]},{"@type":"WebSite","@id":"https:\/\/educacaointegral.org.br\/especiais\/educacao-integral-na-serra\/#website","url":"https:\/\/educacaointegral.org.br\/especiais\/educacao-integral-na-serra\/","name":"Educa\u00e7\u00e3o Integral na Serra","description":"Educa\u00e7\u00e3o Integral e Territ\u00f3rios Educativos nas Pr\u00e1ticas Pedag\u00f3gicas da rede municipal de ensino de Serra","potentialAction":[{"@type":"SearchAction","target":{"@type":"EntryPoint","urlTemplate":"https:\/\/educacaointegral.org.br\/especiais\/educacao-integral-na-serra\/?s={search_term_string}"},"query-input":"required name=search_term_string"}],"inLanguage":"pt-BR"},{"@type":"Person","@id":"https:\/\/educacaointegral.org.br\/especiais\/educacao-integral-na-serra\/#\/schema\/person\/a66e4367284eb709977eaceffea97678","name":"adminAprendiz","image":{"@type":"ImageObject","inLanguage":"pt-BR","@id":"https:\/\/educacaointegral.org.br\/especiais\/educacao-integral-na-serra\/#\/schema\/person\/image\/","url":"https:\/\/secure.gravatar.com\/avatar\/2c1508892e383f1f83fa78473fbd7041?s=96&d=mm&r=g","contentUrl":"https:\/\/secure.gravatar.com\/avatar\/2c1508892e383f1f83fa78473fbd7041?s=96&d=mm&r=g","caption":"adminAprendiz"},"url":"https:\/\/educacaointegral.org.br\/especiais\/educacao-integral-na-serra\/author\/adminaprendiz\/"}]}},"_links":{"self":[{"href":"https:\/\/educacaointegral.org.br\/especiais\/educacao-integral-na-serra\/wp-json\/wp\/v2\/posts\/26"}],"collection":[{"href":"https:\/\/educacaointegral.org.br\/especiais\/educacao-integral-na-serra\/wp-json\/wp\/v2\/posts"}],"about":[{"href":"https:\/\/educacaointegral.org.br\/especiais\/educacao-integral-na-serra\/wp-json\/wp\/v2\/types\/post"}],"author":[{"embeddable":true,"href":"https:\/\/educacaointegral.org.br\/especiais\/educacao-integral-na-serra\/wp-json\/wp\/v2\/users\/1"}],"replies":[{"embeddable":true,"href":"https:\/\/educacaointegral.org.br\/especiais\/educacao-integral-na-serra\/wp-json\/wp\/v2\/comments?post=26"}],"version-history":[{"count":1,"href":"https:\/\/educacaointegral.org.br\/especiais\/educacao-integral-na-serra\/wp-json\/wp\/v2\/posts\/26\/revisions"}],"predecessor-version":[{"id":27,"href":"https:\/\/educacaointegral.org.br\/especiais\/educacao-integral-na-serra\/wp-json\/wp\/v2\/posts\/26\/revisions\/27"}],"wp:attachment":[{"href":"https:\/\/educacaointegral.org.br\/especiais\/educacao-integral-na-serra\/wp-json\/wp\/v2\/media?parent=26"}],"wp:term":[{"taxonomy":"category","embeddable":true,"href":"https:\/\/educacaointegral.org.br\/especiais\/educacao-integral-na-serra\/wp-json\/wp\/v2\/categories?post=26"},{"taxonomy":"post_tag","embeddable":true,"href":"https:\/\/educacaointegral.org.br\/especiais\/educacao-integral-na-serra\/wp-json\/wp\/v2\/tags?post=26"}],"curies":[{"name":"wp","href":"https:\/\/api.w.org\/{rel}","templated":true}]}}