{"id":22,"date":"2021-04-26T15:14:14","date_gmt":"2021-04-26T18:14:14","guid":{"rendered":"https:\/\/educacaointegral.org.br\/especiais\/educacao-integral-na-serra\/?p=22"},"modified":"2021-04-26T15:14:14","modified_gmt":"2021-04-26T18:14:14","slug":"confia-em-mim","status":"publish","type":"post","link":"https:\/\/educacaointegral.org.br\/especiais\/educacao-integral-na-serra\/2021\/04\/26\/confia-em-mim\/","title":{"rendered":"Confia em mim"},"content":{"rendered":"\n<div class=\"wp-container-1 wp-block-buttons alignright is-content-justification-right\">\n<div class=\"wp-block-button btn-baixe\"><a class=\"wp-block-button__link has-background has-luminous-vivid-amber-background-color\" style=\"border-radius:46px\">Baixe essa pr\u00e1tica<\/a><\/div>\n<\/div>\n\n\n\n<div style=\"height:26px\" aria-hidden=\"true\" class=\"wp-block-spacer\"><\/div>\n\n\n\n<div class=\"wp-block-columns\">\n<div class=\"wp-block-column\" style=\"flex-basis:20%\">\n<div class=\"wp-block-image\"><figure class=\"alignright size-large\"><img src=\"https:\/\/educacaointegral.org.br\/especiais\/educacao-integral-na-serra\/wp-content\/uploads\/sites\/5\/2021\/04\/icon-planeje.png\" alt=\"\" class=\"wp-image-13\"\/><\/figure><\/div>\n\n\n\n<p><\/p>\n<\/div>\n\n\n\n<div class=\"wp-block-column\">\n<p><strong>Etapa:<\/strong> \u00a0\u00a03\u00ba ano do Ensino Fundamental<\/p>\n\n\n\n<p><strong>Objetivos:<\/strong>&nbsp;<\/p>\n\n\n\n<ul><li>Acolher os alunos.\u00a0<\/li><li>Respeitar e expressar sentimentos e emo\u00e7\u00f5es.\u00a0<\/li><li>Expressar ideias sobre o que estamos vivendo na pandemia.\u00a0<\/li><li>Estimular o di\u00e1logo entre os membros da fam\u00edlia.\u00a0<\/li><li>Incentivar a colabora\u00e7\u00e3o e comunica\u00e7\u00e3o na fam\u00edlia.<\/li><\/ul>\n\n\n\n<p><strong><strong>Tempo para a atividade<\/strong>:<\/strong> 1 aula<\/p>\n<\/div>\n<\/div>\n\n\n\n<hr class=\"wp-block-separator has-text-color has-background has-very-light-gray-background-color has-very-light-gray-color is-style-default\"\/>\n\n\n\n<div class=\"wp-block-columns\">\n<div class=\"wp-block-column\" style=\"flex-basis:20%\">\n<div class=\"wp-block-image\"><figure class=\"alignright size-large\"><img src=\"https:\/\/educacaointegral.org.br\/especiais\/educacao-integral-na-serra\/wp-content\/uploads\/sites\/5\/2021\/04\/icon-implemente-amarelo.png\" alt=\"\" class=\"wp-image-16\"\/><\/figure><\/div>\n<\/div>\n\n\n\n<div class=\"wp-block-column\">\n<p><strong>Intencionalidades pedag\u00f3gicas:<\/strong> A atividade busca oferecer momentos de di\u00e1logo e escuta entre as pessoas da fam\u00edlia e a crian\u00e7a estudante, favorecendo uma situa\u00e7\u00e3o em que possam se expressar e se divertir, falando dos pr\u00f3prios sentimentos. A realiza\u00e7\u00e3o das propostas pode ajudar a estabelecer maiores v\u00ednculos de proximidade entre os participantes.<\/p>\n\n\n\n<p><strong>Como acontece: <\/strong>Iniciar a proposta com uma m\u00fasica de acolhida. Voc\u00ea pode utilizar a can\u00e7\u00e3o \u201cSutilmente\u201d, da Banda Skank, dispon\u00edvel em <a href=\"https:\/\/www.youtube.com\/watch?v=v3SQTOZO36E\">https:\/\/www.youtube.com\/watch?v=v3SQTOZO36E<\/a>. Na sequ\u00eancia, solicite que os alunos escolham um familiar para cantar e dan\u00e7ar a m\u00fasica juntos. No momento seguinte, convide os alunos para relatar uma experi\u00eancia, pedindo que produzam um texto descrevendo seus sentimentos ao escutar a m\u00fasica. Na pr\u00f3xima atividade, oriente a produ\u00e7\u00e3o de um desenho da seguinte forma: com um \u00fanico l\u00e1pis o aluno e o familiar que est\u00e1 com ele, devem segur\u00e1-lo e tentar fazer um desenho juntos, sem se comunicar com palavras, apenas tra\u00e7ando juntos um desenho na folha de papel. Depois disso, devem descrever oralmente qual o desenho escolhido e o que acharam do resultado. Sugest\u00e3o de quest\u00f5es para a conversa entre a crian\u00e7a e o adulto com quem fizer a atividade: Ficou parecido com o que queria desenhar? Foi f\u00e1cil desenhar em conjunto? O que voc\u00ea achou da coopera\u00e7\u00e3o entre voc\u00eas para desenhar? A comunica\u00e7\u00e3o \u00e9 importante nesse tipo de atividade?<\/p>\n\n\n\n<p>Depois desse momento, proponha que a dupla trabalhe com o \u201cDesenho Guiado\u201d. Para isso, uma delas dever\u00e1 estar com os olhos vendados. Essa pessoa receber\u00e1 um l\u00e1pis e uma folha de papel. O outro participante deve escrever o nome de uma figura em um papel, sem falar com a pessoa vendada e guiando-a para desenhar a forma escolhida. A forma para o desenho deve ser algo simples como uma estrela, um cora\u00e7\u00e3o etc. Em seguida, a dupla deve inverter os pap\u00e9is. Ao final,&nbsp; quando os dois tiverem terminado de desenhar, devem olhar o resultado e conversar sobre a experi\u00eancia. Sugest\u00e3o de quest\u00f5es para conversarem: Os desenhos ficaram parecidos com a figura que se esperava? Como foi desenhar com os olhos vendados? As instru\u00e7\u00f5es auxiliaram?<\/p>\n\n\n\n<p><\/p>\n<\/div>\n<\/div>\n\n\n\n<hr class=\"wp-block-separator has-text-color has-background has-very-light-gray-background-color has-very-light-gray-color is-style-default\"\/>\n\n\n\n<div class=\"wp-block-columns\">\n<div class=\"wp-block-column\" style=\"flex-basis:20%\">\n<div class=\"wp-block-image\"><figure class=\"alignright size-large\"><img src=\"https:\/\/educacaointegral.org.br\/especiais\/educacao-integral-na-serra\/wp-content\/uploads\/sites\/5\/2021\/04\/icon-fica-a-dica-amarelo.png\" alt=\"\" class=\"wp-image-61\"\/><\/figure><\/div>\n<\/div>\n\n\n\n<div class=\"wp-block-column\">\n<ul><li>Essa atividade pode ser realizada em aulas presenciais e em situa\u00e7\u00f5es de afastamento social.<\/li><li>As express\u00f5es art\u00edsticas colaboram para a express\u00e3o e compreens\u00e3o dos sentimentos e emo\u00e7\u00f5es. \u00c9 interessante estimular que as crian\u00e7as falem sobre o que sentem.<\/li><li>Alguns aplicativos de desenho podem ser interessantes para as duas atividades propostas aqui. Sugerimos como uma terceira op\u00e7\u00e3o utilizar o aplicativo <em>Paint<\/em> para desenhar ouvindo instru\u00e7\u00f5es, como a proposta do Desenho Guiado. O Paint \u00e9 um programa para elabora\u00e7\u00e3o de desenhos e edi\u00e7\u00e3o de imagens e est\u00e1 incluso no sistema operacional Windows, da Microsoft.<\/li><\/ul>\n<\/div>\n<\/div>\n\n\n\n<p><\/p>\n","protected":false},"excerpt":{"rendered":"<p>Etapa: \u00a0\u00a03\u00ba ano do Ensino Fundamental Objetivos:&nbsp; Acolher os alunos.\u00a0 Respeitar e expressar sentimentos e emo\u00e7\u00f5es.\u00a0 Expressar ideias sobre o que estamos vivendo na pandemia.\u00a0 Estimular o di\u00e1logo entre os membros da fam\u00edlia.\u00a0 Incentivar a colabora\u00e7\u00e3o e comunica\u00e7\u00e3o na fam\u00edlia. Tempo para a atividade: 1 aula Intencionalidades pedag\u00f3gicas: A atividade busca oferecer momentos de di\u00e1logo [&hellip;]<\/p>\n","protected":false},"author":1,"featured_media":0,"comment_status":"open","ping_status":"open","sticky":false,"template":"","format":"standard","meta":[],"categories":[2],"tags":[],"yoast_head":"<!-- This site is optimized with the Yoast SEO plugin v19.13 - https:\/\/yoast.com\/wordpress\/plugins\/seo\/ -->\n<title>Confia em mim - Educa\u00e7\u00e3o Integral na Serra<\/title>\n<meta name=\"robots\" content=\"index, follow, max-snippet:-1, max-image-preview:large, max-video-preview:-1\" \/>\n<link rel=\"canonical\" href=\"https:\/\/educacaointegral.org.br\/especiais\/educacao-integral-na-serra\/2021\/04\/26\/confia-em-mim\/\" \/>\n<meta property=\"og:locale\" content=\"pt_BR\" \/>\n<meta property=\"og:type\" content=\"article\" \/>\n<meta property=\"og:title\" content=\"Confia em mim - Educa\u00e7\u00e3o Integral na Serra\" \/>\n<meta property=\"og:description\" content=\"Etapa: \u00a0\u00a03\u00ba ano do Ensino Fundamental Objetivos:&nbsp; Acolher os alunos.\u00a0 Respeitar e expressar sentimentos e emo\u00e7\u00f5es.\u00a0 Expressar ideias sobre o que estamos vivendo na pandemia.\u00a0 Estimular o di\u00e1logo entre os membros da fam\u00edlia.\u00a0 Incentivar a colabora\u00e7\u00e3o e comunica\u00e7\u00e3o na fam\u00edlia. Tempo para a atividade: 1 aula Intencionalidades pedag\u00f3gicas: A atividade busca oferecer momentos de di\u00e1logo [&hellip;]\" \/>\n<meta property=\"og:url\" content=\"https:\/\/educacaointegral.org.br\/especiais\/educacao-integral-na-serra\/2021\/04\/26\/confia-em-mim\/\" \/>\n<meta property=\"og:site_name\" content=\"Educa\u00e7\u00e3o Integral na Serra\" \/>\n<meta property=\"article:published_time\" content=\"2021-04-26T18:14:14+00:00\" \/>\n<meta property=\"og:image\" content=\"https:\/\/educacaointegral.org.br\/especiais\/educacao-integral-na-serra\/wp-content\/uploads\/sites\/5\/2021\/04\/icon-planeje.png\" \/>\n<meta name=\"author\" content=\"adminAprendiz\" \/>\n<meta name=\"twitter:card\" content=\"summary_large_image\" \/>\n<meta name=\"twitter:label1\" content=\"Escrito por\" \/>\n\t<meta name=\"twitter:data1\" content=\"adminAprendiz\" \/>\n\t<meta name=\"twitter:label2\" content=\"Est. tempo de leitura\" \/>\n\t<meta name=\"twitter:data2\" content=\"3 minutos\" \/>\n<script type=\"application\/ld+json\" class=\"yoast-schema-graph\">{\"@context\":\"https:\/\/schema.org\",\"@graph\":[{\"@type\":\"WebPage\",\"@id\":\"https:\/\/educacaointegral.org.br\/especiais\/educacao-integral-na-serra\/2021\/04\/26\/confia-em-mim\/\",\"url\":\"https:\/\/educacaointegral.org.br\/especiais\/educacao-integral-na-serra\/2021\/04\/26\/confia-em-mim\/\",\"name\":\"Confia em mim - Educa\u00e7\u00e3o Integral na Serra\",\"isPartOf\":{\"@id\":\"https:\/\/educacaointegral.org.br\/especiais\/educacao-integral-na-serra\/#website\"},\"datePublished\":\"2021-04-26T18:14:14+00:00\",\"dateModified\":\"2021-04-26T18:14:14+00:00\",\"author\":{\"@id\":\"https:\/\/educacaointegral.org.br\/especiais\/educacao-integral-na-serra\/#\/schema\/person\/a66e4367284eb709977eaceffea97678\"},\"breadcrumb\":{\"@id\":\"https:\/\/educacaointegral.org.br\/especiais\/educacao-integral-na-serra\/2021\/04\/26\/confia-em-mim\/#breadcrumb\"},\"inLanguage\":\"pt-BR\",\"potentialAction\":[{\"@type\":\"ReadAction\",\"target\":[\"https:\/\/educacaointegral.org.br\/especiais\/educacao-integral-na-serra\/2021\/04\/26\/confia-em-mim\/\"]}]},{\"@type\":\"BreadcrumbList\",\"@id\":\"https:\/\/educacaointegral.org.br\/especiais\/educacao-integral-na-serra\/2021\/04\/26\/confia-em-mim\/#breadcrumb\",\"itemListElement\":[{\"@type\":\"ListItem\",\"position\":1,\"name\":\"In\u00edcio\",\"item\":\"https:\/\/educacaointegral.org.br\/especiais\/educacao-integral-na-serra\/\"},{\"@type\":\"ListItem\",\"position\":2,\"name\":\"Confia em mim\"}]},{\"@type\":\"WebSite\",\"@id\":\"https:\/\/educacaointegral.org.br\/especiais\/educacao-integral-na-serra\/#website\",\"url\":\"https:\/\/educacaointegral.org.br\/especiais\/educacao-integral-na-serra\/\",\"name\":\"Educa\u00e7\u00e3o Integral na Serra\",\"description\":\"Educa\u00e7\u00e3o Integral e Territ\u00f3rios Educativos nas Pr\u00e1ticas Pedag\u00f3gicas da rede municipal de ensino de Serra\",\"potentialAction\":[{\"@type\":\"SearchAction\",\"target\":{\"@type\":\"EntryPoint\",\"urlTemplate\":\"https:\/\/educacaointegral.org.br\/especiais\/educacao-integral-na-serra\/?s={search_term_string}\"},\"query-input\":\"required name=search_term_string\"}],\"inLanguage\":\"pt-BR\"},{\"@type\":\"Person\",\"@id\":\"https:\/\/educacaointegral.org.br\/especiais\/educacao-integral-na-serra\/#\/schema\/person\/a66e4367284eb709977eaceffea97678\",\"name\":\"adminAprendiz\",\"image\":{\"@type\":\"ImageObject\",\"inLanguage\":\"pt-BR\",\"@id\":\"https:\/\/educacaointegral.org.br\/especiais\/educacao-integral-na-serra\/#\/schema\/person\/image\/\",\"url\":\"https:\/\/secure.gravatar.com\/avatar\/2c1508892e383f1f83fa78473fbd7041?s=96&d=mm&r=g\",\"contentUrl\":\"https:\/\/secure.gravatar.com\/avatar\/2c1508892e383f1f83fa78473fbd7041?s=96&d=mm&r=g\",\"caption\":\"adminAprendiz\"},\"url\":\"https:\/\/educacaointegral.org.br\/especiais\/educacao-integral-na-serra\/author\/adminaprendiz\/\"}]}<\/script>\n<!-- \/ Yoast SEO plugin. -->","yoast_head_json":{"title":"Confia em mim - Educa\u00e7\u00e3o Integral na Serra","robots":{"index":"index","follow":"follow","max-snippet":"max-snippet:-1","max-image-preview":"max-image-preview:large","max-video-preview":"max-video-preview:-1"},"canonical":"https:\/\/educacaointegral.org.br\/especiais\/educacao-integral-na-serra\/2021\/04\/26\/confia-em-mim\/","og_locale":"pt_BR","og_type":"article","og_title":"Confia em mim - Educa\u00e7\u00e3o Integral na Serra","og_description":"Etapa: \u00a0\u00a03\u00ba ano do Ensino Fundamental Objetivos:&nbsp; Acolher os alunos.\u00a0 Respeitar e expressar sentimentos e emo\u00e7\u00f5es.\u00a0 Expressar ideias sobre o que estamos vivendo na pandemia.\u00a0 Estimular o di\u00e1logo entre os membros da fam\u00edlia.\u00a0 Incentivar a colabora\u00e7\u00e3o e comunica\u00e7\u00e3o na fam\u00edlia. Tempo para a atividade: 1 aula Intencionalidades pedag\u00f3gicas: A atividade busca oferecer momentos de di\u00e1logo [&hellip;]","og_url":"https:\/\/educacaointegral.org.br\/especiais\/educacao-integral-na-serra\/2021\/04\/26\/confia-em-mim\/","og_site_name":"Educa\u00e7\u00e3o Integral na Serra","article_published_time":"2021-04-26T18:14:14+00:00","og_image":[{"url":"https:\/\/educacaointegral.org.br\/especiais\/educacao-integral-na-serra\/wp-content\/uploads\/sites\/5\/2021\/04\/icon-planeje.png"}],"author":"adminAprendiz","twitter_card":"summary_large_image","twitter_misc":{"Escrito por":"adminAprendiz","Est. tempo de leitura":"3 minutos"},"schema":{"@context":"https:\/\/schema.org","@graph":[{"@type":"WebPage","@id":"https:\/\/educacaointegral.org.br\/especiais\/educacao-integral-na-serra\/2021\/04\/26\/confia-em-mim\/","url":"https:\/\/educacaointegral.org.br\/especiais\/educacao-integral-na-serra\/2021\/04\/26\/confia-em-mim\/","name":"Confia em mim - Educa\u00e7\u00e3o Integral na Serra","isPartOf":{"@id":"https:\/\/educacaointegral.org.br\/especiais\/educacao-integral-na-serra\/#website"},"datePublished":"2021-04-26T18:14:14+00:00","dateModified":"2021-04-26T18:14:14+00:00","author":{"@id":"https:\/\/educacaointegral.org.br\/especiais\/educacao-integral-na-serra\/#\/schema\/person\/a66e4367284eb709977eaceffea97678"},"breadcrumb":{"@id":"https:\/\/educacaointegral.org.br\/especiais\/educacao-integral-na-serra\/2021\/04\/26\/confia-em-mim\/#breadcrumb"},"inLanguage":"pt-BR","potentialAction":[{"@type":"ReadAction","target":["https:\/\/educacaointegral.org.br\/especiais\/educacao-integral-na-serra\/2021\/04\/26\/confia-em-mim\/"]}]},{"@type":"BreadcrumbList","@id":"https:\/\/educacaointegral.org.br\/especiais\/educacao-integral-na-serra\/2021\/04\/26\/confia-em-mim\/#breadcrumb","itemListElement":[{"@type":"ListItem","position":1,"name":"In\u00edcio","item":"https:\/\/educacaointegral.org.br\/especiais\/educacao-integral-na-serra\/"},{"@type":"ListItem","position":2,"name":"Confia em mim"}]},{"@type":"WebSite","@id":"https:\/\/educacaointegral.org.br\/especiais\/educacao-integral-na-serra\/#website","url":"https:\/\/educacaointegral.org.br\/especiais\/educacao-integral-na-serra\/","name":"Educa\u00e7\u00e3o Integral na Serra","description":"Educa\u00e7\u00e3o Integral e Territ\u00f3rios Educativos nas Pr\u00e1ticas Pedag\u00f3gicas da rede municipal de ensino de Serra","potentialAction":[{"@type":"SearchAction","target":{"@type":"EntryPoint","urlTemplate":"https:\/\/educacaointegral.org.br\/especiais\/educacao-integral-na-serra\/?s={search_term_string}"},"query-input":"required name=search_term_string"}],"inLanguage":"pt-BR"},{"@type":"Person","@id":"https:\/\/educacaointegral.org.br\/especiais\/educacao-integral-na-serra\/#\/schema\/person\/a66e4367284eb709977eaceffea97678","name":"adminAprendiz","image":{"@type":"ImageObject","inLanguage":"pt-BR","@id":"https:\/\/educacaointegral.org.br\/especiais\/educacao-integral-na-serra\/#\/schema\/person\/image\/","url":"https:\/\/secure.gravatar.com\/avatar\/2c1508892e383f1f83fa78473fbd7041?s=96&d=mm&r=g","contentUrl":"https:\/\/secure.gravatar.com\/avatar\/2c1508892e383f1f83fa78473fbd7041?s=96&d=mm&r=g","caption":"adminAprendiz"},"url":"https:\/\/educacaointegral.org.br\/especiais\/educacao-integral-na-serra\/author\/adminaprendiz\/"}]}},"_links":{"self":[{"href":"https:\/\/educacaointegral.org.br\/especiais\/educacao-integral-na-serra\/wp-json\/wp\/v2\/posts\/22"}],"collection":[{"href":"https:\/\/educacaointegral.org.br\/especiais\/educacao-integral-na-serra\/wp-json\/wp\/v2\/posts"}],"about":[{"href":"https:\/\/educacaointegral.org.br\/especiais\/educacao-integral-na-serra\/wp-json\/wp\/v2\/types\/post"}],"author":[{"embeddable":true,"href":"https:\/\/educacaointegral.org.br\/especiais\/educacao-integral-na-serra\/wp-json\/wp\/v2\/users\/1"}],"replies":[{"embeddable":true,"href":"https:\/\/educacaointegral.org.br\/especiais\/educacao-integral-na-serra\/wp-json\/wp\/v2\/comments?post=22"}],"version-history":[{"count":1,"href":"https:\/\/educacaointegral.org.br\/especiais\/educacao-integral-na-serra\/wp-json\/wp\/v2\/posts\/22\/revisions"}],"predecessor-version":[{"id":23,"href":"https:\/\/educacaointegral.org.br\/especiais\/educacao-integral-na-serra\/wp-json\/wp\/v2\/posts\/22\/revisions\/23"}],"wp:attachment":[{"href":"https:\/\/educacaointegral.org.br\/especiais\/educacao-integral-na-serra\/wp-json\/wp\/v2\/media?parent=22"}],"wp:term":[{"taxonomy":"category","embeddable":true,"href":"https:\/\/educacaointegral.org.br\/especiais\/educacao-integral-na-serra\/wp-json\/wp\/v2\/categories?post=22"},{"taxonomy":"post_tag","embeddable":true,"href":"https:\/\/educacaointegral.org.br\/especiais\/educacao-integral-na-serra\/wp-json\/wp\/v2\/tags?post=22"}],"curies":[{"name":"wp","href":"https:\/\/api.w.org\/{rel}","templated":true}]}}