{"id":17,"date":"2021-04-26T15:09:00","date_gmt":"2021-04-26T18:09:00","guid":{"rendered":"https:\/\/educacaointegral.org.br\/especiais\/educacao-integral-na-serra\/?p=17"},"modified":"2021-04-26T15:09:01","modified_gmt":"2021-04-26T18:09:01","slug":"voce-acredita-nisso","status":"publish","type":"post","link":"https:\/\/educacaointegral.org.br\/especiais\/educacao-integral-na-serra\/2021\/04\/26\/voce-acredita-nisso\/","title":{"rendered":"Voc\u00ea acredita nisso?"},"content":{"rendered":"\n<div class=\"wp-container-1 wp-block-buttons alignright is-content-justification-right\">\n<div class=\"wp-block-button btn-baixe\"><a class=\"wp-block-button__link has-background has-luminous-vivid-amber-background-color\" style=\"border-radius:46px\">Baixe essa pr\u00e1tica<\/a><\/div>\n<\/div>\n\n\n\n<div style=\"height:26px\" aria-hidden=\"true\" class=\"wp-block-spacer\"><\/div>\n\n\n\n<div class=\"wp-block-columns\">\n<div class=\"wp-block-column\" style=\"flex-basis:20%\">\n<div class=\"wp-block-image\"><figure class=\"alignright size-large\"><img src=\"https:\/\/educacaointegral.org.br\/especiais\/educacao-integral-na-serra\/wp-content\/uploads\/sites\/5\/2021\/04\/icon-planeje.png\" alt=\"\" class=\"wp-image-13\"\/><\/figure><\/div>\n\n\n\n<p><\/p>\n<\/div>\n\n\n\n<div class=\"wp-block-column\">\n<p><strong>Etapa:<\/strong> \u00a05\u00ba ao 9\u00ba anos do Ensino Fundamental<\/p>\n\n\n\n<p><strong>Objetivos:<\/strong>&nbsp;<\/p>\n\n\n\n<ul><li>Ampliar o conhecimento e acesso a informa\u00e7\u00f5es em tempos de pandemia.\u00a0<\/li><li>Agu\u00e7ar a curiosidade e intera\u00e7\u00e3o entre os alunos virtualmente.\u00a0<\/li><li>Criar consci\u00eancia dos impactos na popula\u00e7\u00e3o por meio da propaga\u00e7\u00e3o das fake news sobre a COVID-19.\u00a0<\/li><li>Reconhecer que um fato sofre altera\u00e7\u00f5es conforme quem o analisa.<\/li><li>Entender que a cultura interfere diretamente na produ\u00e7\u00e3o de informa\u00e7\u00f5es.\u00a0<\/li><li>Fazer leitura de imagens e interpretar informa\u00e7\u00f5es.<\/li><\/ul>\n\n\n\n<p><strong><strong>Tempo para a atividade<\/strong>:<\/strong> 2 aulas<\/p>\n<\/div>\n<\/div>\n\n\n\n<hr class=\"wp-block-separator has-text-color has-background has-very-light-gray-background-color has-very-light-gray-color is-style-default\"\/>\n\n\n\n<div class=\"wp-block-columns\">\n<div class=\"wp-block-column\" style=\"flex-basis:20%\">\n<div class=\"wp-block-image\"><figure class=\"alignright size-large\"><img src=\"https:\/\/educacaointegral.org.br\/especiais\/educacao-integral-na-serra\/wp-content\/uploads\/sites\/5\/2021\/04\/icon-implemente-amarelo.png\" alt=\"\" class=\"wp-image-16\"\/><\/figure><\/div>\n<\/div>\n\n\n\n<div class=\"wp-block-column\">\n<p><strong>Intencionalidades pedag\u00f3gicas:<\/strong> A proposta busca promover uma discuss\u00e3o necess\u00e1ria sobre as informa\u00e7\u00f5es que circulam atrav\u00e9s de meios digitais para conscientizar os estudantes sobre a diferen\u00e7a entre informa\u00e7\u00f5es reais e falsas. S\u00e3o apresentadas sugest\u00f5es que colocam o estudante como protagonista do processo de ensino e aprendizagem e considera sua participa\u00e7\u00e3o ativa como fundamental para o desenvolvimento das atividades educacionais.<\/p>\n\n\n\n<p><strong>Como acontece: <\/strong>Sugere-se que a aula aconte\u00e7a por videoconfer\u00eancia ao vivo, agendada e organizada com anteced\u00eancia. O professor apresentar\u00e1 por meio de v\u00eddeos ou \u00e1udios questionamentos sobre a tem\u00e1tica proposta para esta atividade. Alguns exemplos: Voc\u00ea conhece o termo fake news? Tem algum exemplo recente para compartilhar? O que sabe sobre impactos da propaga\u00e7\u00e3o de uma fake news?&nbsp; Em seguida, solicite que os alunos se organizem em pequenos grupos e compartilhe com eles algumas informa\u00e7\u00f5es que circulam na m\u00eddia para que eles possam analisar se as informa\u00e7\u00f5es s\u00e3o confi\u00e1veis ou n\u00e3o. O site do grupo \u201cM\u00e9dicos sem Fronteiras\u201d tem uma publica\u00e7\u00e3o sobre <a href=\"https:\/\/www.msf.org.br\/noticias\/5-fake-news-relacionadas-covid-19\">fake news a respeito da Covid-19<\/a> que pode ser utilizada como refer\u00eancia para que o professor prepare sua apresenta\u00e7\u00e3o. Na sequ\u00eancia, oriente que os estudantes fa\u00e7am pesquisas na internet, verificando fontes, analisando imagens, palavras-chave, etc. Solicite que registrem as informa\u00e7\u00f5es obtidas.&nbsp;<\/p>\n\n\n\n<p>Na aula seguinte, promova um di\u00e1logo sobre as pesquisas realizadas pelos grupos. O ideal \u00e9 que este momento tamb\u00e9m ocorra por videoconfer\u00eancia de forma s\u00edncrona, ou seja, ao vivo.&nbsp;<\/p>\n\n\n\n<p>Para finalizar, solicite que cada aluno escreva um texto sobre o que aprendeu em rela\u00e7\u00e3o ao tema \u201cfake news\u201d.<\/p>\n\n\n\n<p><\/p>\n<\/div>\n<\/div>\n\n\n\n<hr class=\"wp-block-separator has-text-color has-background has-very-light-gray-background-color has-very-light-gray-color is-style-default\"\/>\n\n\n\n<div class=\"wp-block-columns\">\n<div class=\"wp-block-column\" style=\"flex-basis:20%\">\n<div class=\"wp-block-image\"><figure class=\"alignright size-large\"><img src=\"https:\/\/educacaointegral.org.br\/especiais\/educacao-integral-na-serra\/wp-content\/uploads\/sites\/5\/2021\/04\/icon-fica-a-dica-amarelo.png\" alt=\"\" class=\"wp-image-61\"\/><\/figure><\/div>\n<\/div>\n\n\n\n<div class=\"wp-block-column\">\n<ul><li>Essa atividade pode ser realizada em aulas presenciais com as devidas adapta\u00e7\u00f5es.<\/li><li>Fake News \u00e9 um tema contempor\u00e2neo de fundamental import\u00e2ncia para a alfabetiza\u00e7\u00e3o midi\u00e1tica dos estudantes. Que tal produzir com a turma uma campanha de combate \u00e0s not\u00edcias falsas e dissemin\u00e1-la nas redes sociais? A plataforma <a href=\"https:\/\/www.canva.com\/\">https:\/\/www.canva.com\/<\/a> possui v\u00e1rios elementos gr\u00e1ficos gratuitos e pode colaborar na produ\u00e7\u00e3o desses materiais.<\/li><\/ul>\n<\/div>\n<\/div>\n\n\n\n<p><\/p>\n","protected":false},"excerpt":{"rendered":"<p>Etapa: \u00a05\u00ba ao 9\u00ba anos do Ensino Fundamental Objetivos:&nbsp; Ampliar o conhecimento e acesso a informa\u00e7\u00f5es em tempos de pandemia.\u00a0 Agu\u00e7ar a curiosidade e intera\u00e7\u00e3o entre os alunos virtualmente.\u00a0 Criar consci\u00eancia dos impactos na popula\u00e7\u00e3o por meio da propaga\u00e7\u00e3o das fake news sobre a COVID-19.\u00a0 Reconhecer que um fato sofre altera\u00e7\u00f5es conforme quem o analisa. [&hellip;]<\/p>\n","protected":false},"author":1,"featured_media":0,"comment_status":"open","ping_status":"open","sticky":false,"template":"","format":"standard","meta":[],"categories":[2],"tags":[],"yoast_head":"<!-- This site is optimized with the Yoast SEO plugin v19.13 - https:\/\/yoast.com\/wordpress\/plugins\/seo\/ -->\n<title>Voc\u00ea acredita nisso? - Educa\u00e7\u00e3o Integral na Serra<\/title>\n<meta name=\"robots\" content=\"index, follow, max-snippet:-1, max-image-preview:large, max-video-preview:-1\" \/>\n<link rel=\"canonical\" href=\"https:\/\/educacaointegral.org.br\/especiais\/educacao-integral-na-serra\/2021\/04\/26\/voce-acredita-nisso\/\" \/>\n<meta property=\"og:locale\" content=\"pt_BR\" \/>\n<meta property=\"og:type\" content=\"article\" \/>\n<meta property=\"og:title\" content=\"Voc\u00ea acredita nisso? - Educa\u00e7\u00e3o Integral na Serra\" \/>\n<meta property=\"og:description\" content=\"Etapa: \u00a05\u00ba ao 9\u00ba anos do Ensino Fundamental Objetivos:&nbsp; Ampliar o conhecimento e acesso a informa\u00e7\u00f5es em tempos de pandemia.\u00a0 Agu\u00e7ar a curiosidade e intera\u00e7\u00e3o entre os alunos virtualmente.\u00a0 Criar consci\u00eancia dos impactos na popula\u00e7\u00e3o por meio da propaga\u00e7\u00e3o das fake news sobre a COVID-19.\u00a0 Reconhecer que um fato sofre altera\u00e7\u00f5es conforme quem o analisa. [&hellip;]\" \/>\n<meta property=\"og:url\" content=\"https:\/\/educacaointegral.org.br\/especiais\/educacao-integral-na-serra\/2021\/04\/26\/voce-acredita-nisso\/\" \/>\n<meta property=\"og:site_name\" content=\"Educa\u00e7\u00e3o Integral na Serra\" \/>\n<meta property=\"article:published_time\" content=\"2021-04-26T18:09:00+00:00\" \/>\n<meta property=\"article:modified_time\" content=\"2021-04-26T18:09:01+00:00\" \/>\n<meta property=\"og:image\" content=\"https:\/\/educacaointegral.org.br\/especiais\/educacao-integral-na-serra\/wp-content\/uploads\/sites\/5\/2021\/04\/icon-planeje.png\" \/>\n<meta name=\"author\" content=\"adminAprendiz\" \/>\n<meta name=\"twitter:card\" content=\"summary_large_image\" \/>\n<meta name=\"twitter:label1\" content=\"Escrito por\" \/>\n\t<meta name=\"twitter:data1\" content=\"adminAprendiz\" \/>\n\t<meta name=\"twitter:label2\" content=\"Est. tempo de leitura\" \/>\n\t<meta name=\"twitter:data2\" content=\"2 minutos\" \/>\n<script type=\"application\/ld+json\" class=\"yoast-schema-graph\">{\"@context\":\"https:\/\/schema.org\",\"@graph\":[{\"@type\":\"WebPage\",\"@id\":\"https:\/\/educacaointegral.org.br\/especiais\/educacao-integral-na-serra\/2021\/04\/26\/voce-acredita-nisso\/\",\"url\":\"https:\/\/educacaointegral.org.br\/especiais\/educacao-integral-na-serra\/2021\/04\/26\/voce-acredita-nisso\/\",\"name\":\"Voc\u00ea acredita nisso? - Educa\u00e7\u00e3o Integral na Serra\",\"isPartOf\":{\"@id\":\"https:\/\/educacaointegral.org.br\/especiais\/educacao-integral-na-serra\/#website\"},\"datePublished\":\"2021-04-26T18:09:00+00:00\",\"dateModified\":\"2021-04-26T18:09:01+00:00\",\"author\":{\"@id\":\"https:\/\/educacaointegral.org.br\/especiais\/educacao-integral-na-serra\/#\/schema\/person\/a66e4367284eb709977eaceffea97678\"},\"breadcrumb\":{\"@id\":\"https:\/\/educacaointegral.org.br\/especiais\/educacao-integral-na-serra\/2021\/04\/26\/voce-acredita-nisso\/#breadcrumb\"},\"inLanguage\":\"pt-BR\",\"potentialAction\":[{\"@type\":\"ReadAction\",\"target\":[\"https:\/\/educacaointegral.org.br\/especiais\/educacao-integral-na-serra\/2021\/04\/26\/voce-acredita-nisso\/\"]}]},{\"@type\":\"BreadcrumbList\",\"@id\":\"https:\/\/educacaointegral.org.br\/especiais\/educacao-integral-na-serra\/2021\/04\/26\/voce-acredita-nisso\/#breadcrumb\",\"itemListElement\":[{\"@type\":\"ListItem\",\"position\":1,\"name\":\"In\u00edcio\",\"item\":\"https:\/\/educacaointegral.org.br\/especiais\/educacao-integral-na-serra\/\"},{\"@type\":\"ListItem\",\"position\":2,\"name\":\"Voc\u00ea acredita nisso?\"}]},{\"@type\":\"WebSite\",\"@id\":\"https:\/\/educacaointegral.org.br\/especiais\/educacao-integral-na-serra\/#website\",\"url\":\"https:\/\/educacaointegral.org.br\/especiais\/educacao-integral-na-serra\/\",\"name\":\"Educa\u00e7\u00e3o Integral na Serra\",\"description\":\"Educa\u00e7\u00e3o Integral e Territ\u00f3rios Educativos nas Pr\u00e1ticas Pedag\u00f3gicas da rede municipal de ensino de Serra\",\"potentialAction\":[{\"@type\":\"SearchAction\",\"target\":{\"@type\":\"EntryPoint\",\"urlTemplate\":\"https:\/\/educacaointegral.org.br\/especiais\/educacao-integral-na-serra\/?s={search_term_string}\"},\"query-input\":\"required name=search_term_string\"}],\"inLanguage\":\"pt-BR\"},{\"@type\":\"Person\",\"@id\":\"https:\/\/educacaointegral.org.br\/especiais\/educacao-integral-na-serra\/#\/schema\/person\/a66e4367284eb709977eaceffea97678\",\"name\":\"adminAprendiz\",\"image\":{\"@type\":\"ImageObject\",\"inLanguage\":\"pt-BR\",\"@id\":\"https:\/\/educacaointegral.org.br\/especiais\/educacao-integral-na-serra\/#\/schema\/person\/image\/\",\"url\":\"https:\/\/secure.gravatar.com\/avatar\/2c1508892e383f1f83fa78473fbd7041?s=96&d=mm&r=g\",\"contentUrl\":\"https:\/\/secure.gravatar.com\/avatar\/2c1508892e383f1f83fa78473fbd7041?s=96&d=mm&r=g\",\"caption\":\"adminAprendiz\"},\"url\":\"https:\/\/educacaointegral.org.br\/especiais\/educacao-integral-na-serra\/author\/adminaprendiz\/\"}]}<\/script>\n<!-- \/ Yoast SEO plugin. -->","yoast_head_json":{"title":"Voc\u00ea acredita nisso? - Educa\u00e7\u00e3o Integral na Serra","robots":{"index":"index","follow":"follow","max-snippet":"max-snippet:-1","max-image-preview":"max-image-preview:large","max-video-preview":"max-video-preview:-1"},"canonical":"https:\/\/educacaointegral.org.br\/especiais\/educacao-integral-na-serra\/2021\/04\/26\/voce-acredita-nisso\/","og_locale":"pt_BR","og_type":"article","og_title":"Voc\u00ea acredita nisso? - Educa\u00e7\u00e3o Integral na Serra","og_description":"Etapa: \u00a05\u00ba ao 9\u00ba anos do Ensino Fundamental Objetivos:&nbsp; Ampliar o conhecimento e acesso a informa\u00e7\u00f5es em tempos de pandemia.\u00a0 Agu\u00e7ar a curiosidade e intera\u00e7\u00e3o entre os alunos virtualmente.\u00a0 Criar consci\u00eancia dos impactos na popula\u00e7\u00e3o por meio da propaga\u00e7\u00e3o das fake news sobre a COVID-19.\u00a0 Reconhecer que um fato sofre altera\u00e7\u00f5es conforme quem o analisa. [&hellip;]","og_url":"https:\/\/educacaointegral.org.br\/especiais\/educacao-integral-na-serra\/2021\/04\/26\/voce-acredita-nisso\/","og_site_name":"Educa\u00e7\u00e3o Integral na Serra","article_published_time":"2021-04-26T18:09:00+00:00","article_modified_time":"2021-04-26T18:09:01+00:00","og_image":[{"url":"https:\/\/educacaointegral.org.br\/especiais\/educacao-integral-na-serra\/wp-content\/uploads\/sites\/5\/2021\/04\/icon-planeje.png"}],"author":"adminAprendiz","twitter_card":"summary_large_image","twitter_misc":{"Escrito por":"adminAprendiz","Est. tempo de leitura":"2 minutos"},"schema":{"@context":"https:\/\/schema.org","@graph":[{"@type":"WebPage","@id":"https:\/\/educacaointegral.org.br\/especiais\/educacao-integral-na-serra\/2021\/04\/26\/voce-acredita-nisso\/","url":"https:\/\/educacaointegral.org.br\/especiais\/educacao-integral-na-serra\/2021\/04\/26\/voce-acredita-nisso\/","name":"Voc\u00ea acredita nisso? - Educa\u00e7\u00e3o Integral na Serra","isPartOf":{"@id":"https:\/\/educacaointegral.org.br\/especiais\/educacao-integral-na-serra\/#website"},"datePublished":"2021-04-26T18:09:00+00:00","dateModified":"2021-04-26T18:09:01+00:00","author":{"@id":"https:\/\/educacaointegral.org.br\/especiais\/educacao-integral-na-serra\/#\/schema\/person\/a66e4367284eb709977eaceffea97678"},"breadcrumb":{"@id":"https:\/\/educacaointegral.org.br\/especiais\/educacao-integral-na-serra\/2021\/04\/26\/voce-acredita-nisso\/#breadcrumb"},"inLanguage":"pt-BR","potentialAction":[{"@type":"ReadAction","target":["https:\/\/educacaointegral.org.br\/especiais\/educacao-integral-na-serra\/2021\/04\/26\/voce-acredita-nisso\/"]}]},{"@type":"BreadcrumbList","@id":"https:\/\/educacaointegral.org.br\/especiais\/educacao-integral-na-serra\/2021\/04\/26\/voce-acredita-nisso\/#breadcrumb","itemListElement":[{"@type":"ListItem","position":1,"name":"In\u00edcio","item":"https:\/\/educacaointegral.org.br\/especiais\/educacao-integral-na-serra\/"},{"@type":"ListItem","position":2,"name":"Voc\u00ea acredita nisso?"}]},{"@type":"WebSite","@id":"https:\/\/educacaointegral.org.br\/especiais\/educacao-integral-na-serra\/#website","url":"https:\/\/educacaointegral.org.br\/especiais\/educacao-integral-na-serra\/","name":"Educa\u00e7\u00e3o Integral na Serra","description":"Educa\u00e7\u00e3o Integral e Territ\u00f3rios Educativos nas Pr\u00e1ticas Pedag\u00f3gicas da rede municipal de ensino de Serra","potentialAction":[{"@type":"SearchAction","target":{"@type":"EntryPoint","urlTemplate":"https:\/\/educacaointegral.org.br\/especiais\/educacao-integral-na-serra\/?s={search_term_string}"},"query-input":"required name=search_term_string"}],"inLanguage":"pt-BR"},{"@type":"Person","@id":"https:\/\/educacaointegral.org.br\/especiais\/educacao-integral-na-serra\/#\/schema\/person\/a66e4367284eb709977eaceffea97678","name":"adminAprendiz","image":{"@type":"ImageObject","inLanguage":"pt-BR","@id":"https:\/\/educacaointegral.org.br\/especiais\/educacao-integral-na-serra\/#\/schema\/person\/image\/","url":"https:\/\/secure.gravatar.com\/avatar\/2c1508892e383f1f83fa78473fbd7041?s=96&d=mm&r=g","contentUrl":"https:\/\/secure.gravatar.com\/avatar\/2c1508892e383f1f83fa78473fbd7041?s=96&d=mm&r=g","caption":"adminAprendiz"},"url":"https:\/\/educacaointegral.org.br\/especiais\/educacao-integral-na-serra\/author\/adminaprendiz\/"}]}},"_links":{"self":[{"href":"https:\/\/educacaointegral.org.br\/especiais\/educacao-integral-na-serra\/wp-json\/wp\/v2\/posts\/17"}],"collection":[{"href":"https:\/\/educacaointegral.org.br\/especiais\/educacao-integral-na-serra\/wp-json\/wp\/v2\/posts"}],"about":[{"href":"https:\/\/educacaointegral.org.br\/especiais\/educacao-integral-na-serra\/wp-json\/wp\/v2\/types\/post"}],"author":[{"embeddable":true,"href":"https:\/\/educacaointegral.org.br\/especiais\/educacao-integral-na-serra\/wp-json\/wp\/v2\/users\/1"}],"replies":[{"embeddable":true,"href":"https:\/\/educacaointegral.org.br\/especiais\/educacao-integral-na-serra\/wp-json\/wp\/v2\/comments?post=17"}],"version-history":[{"count":1,"href":"https:\/\/educacaointegral.org.br\/especiais\/educacao-integral-na-serra\/wp-json\/wp\/v2\/posts\/17\/revisions"}],"predecessor-version":[{"id":18,"href":"https:\/\/educacaointegral.org.br\/especiais\/educacao-integral-na-serra\/wp-json\/wp\/v2\/posts\/17\/revisions\/18"}],"wp:attachment":[{"href":"https:\/\/educacaointegral.org.br\/especiais\/educacao-integral-na-serra\/wp-json\/wp\/v2\/media?parent=17"}],"wp:term":[{"taxonomy":"category","embeddable":true,"href":"https:\/\/educacaointegral.org.br\/especiais\/educacao-integral-na-serra\/wp-json\/wp\/v2\/categories?post=17"},{"taxonomy":"post_tag","embeddable":true,"href":"https:\/\/educacaointegral.org.br\/especiais\/educacao-integral-na-serra\/wp-json\/wp\/v2\/tags?post=17"}],"curies":[{"name":"wp","href":"https:\/\/api.w.org\/{rel}","templated":true}]}}