{"id":14,"date":"2021-04-26T15:03:41","date_gmt":"2021-04-26T18:03:41","guid":{"rendered":"https:\/\/educacaointegral.org.br\/especiais\/educacao-integral-na-serra\/?p=14"},"modified":"2021-04-26T15:06:47","modified_gmt":"2021-04-26T18:06:47","slug":"quizz-interativo","status":"publish","type":"post","link":"https:\/\/educacaointegral.org.br\/especiais\/educacao-integral-na-serra\/2021\/04\/26\/quizz-interativo\/","title":{"rendered":"Quizz interativo"},"content":{"rendered":"\n<div class=\"wp-container-1 wp-block-buttons alignright is-content-justification-right\">\n<div class=\"wp-block-button btn-baixe\"><a class=\"wp-block-button__link has-background has-luminous-vivid-amber-background-color\" style=\"border-radius:46px\">Baixe essa pr\u00e1tica<\/a><\/div>\n<\/div>\n\n\n\n<div style=\"height:26px\" aria-hidden=\"true\" class=\"wp-block-spacer\"><\/div>\n\n\n\n<div class=\"wp-block-columns\">\n<div class=\"wp-block-column\" style=\"flex-basis:20%\">\n<div class=\"wp-block-image\"><figure class=\"alignright size-large\"><img src=\"https:\/\/educacaointegral.org.br\/especiais\/educacao-integral-na-serra\/wp-content\/uploads\/sites\/5\/2021\/04\/icon-planeje.png\" alt=\"\" class=\"wp-image-13\"\/><\/figure><\/div>\n\n\n\n<p><\/p>\n<\/div>\n\n\n\n<div class=\"wp-block-column\">\n<p><strong>Etapa:<\/strong> \u00a06\u00ba ao 9\u00ba anos do Ensino Fundamental<\/p>\n\n\n\n<p><strong>Objetivos:<\/strong>&nbsp;<\/p>\n\n\n\n<ul><li>Acolher os estudantes a partir do contexto da pandemia<\/li><li>Ampliar a intera\u00e7\u00e3o e trazer ludicidade para o ambiente escolar.<\/li><\/ul>\n\n\n\n<p><strong><strong>Tempo para a atividade<\/strong>:<\/strong> \u00a01 aula<\/p>\n<\/div>\n<\/div>\n\n\n\n<hr class=\"wp-block-separator has-text-color has-background has-very-light-gray-background-color has-very-light-gray-color is-style-default\"\/>\n\n\n\n<div class=\"wp-block-columns\">\n<div class=\"wp-block-column\" style=\"flex-basis:20%\">\n<div class=\"wp-block-image\"><figure class=\"alignright size-large\"><img src=\"https:\/\/educacaointegral.org.br\/especiais\/educacao-integral-na-serra\/wp-content\/uploads\/sites\/5\/2021\/04\/icon-implemente-amarelo.png\" alt=\"\" class=\"wp-image-16\"\/><\/figure><\/div>\n<\/div>\n\n\n\n<div class=\"wp-block-column\">\n<p><strong>Intencionalidades pedag\u00f3gicas:<\/strong> Trata-se de uma proposta que pode ser utilizada de forma colaborativa entre os professores da unidade de ensino, na qual todos podem contribuir com quest\u00f5es para o banco de dados que elaborar\u00e1 os desafios para os estudantes. Al\u00e9m disso, os estudantes podem ser estimulados a participar de um momento de estudo mais din\u00e2mico e interessante.<\/p>\n\n\n\n<p><strong>Como acontece: <\/strong>Elabore, em parceria com outros professores da sua unidade, algumas quest\u00f5es de um tema previamente escolhido para o trabalho com os alunos. Busque temas inerentes ao momento vivido e que favore\u00e7am a interdisciplinaridade. As quest\u00f5es dever\u00e3o ser cadastradas no site <a href=\"https:\/\/create.kahoot.it\/\">https:\/\/create.kahoot.it\/<\/a>, onde ser\u00e1 necess\u00e1rio cadastrar uma conta de acesso. \u00c9 poss\u00edvel utilizar a vers\u00e3o gratuita com bastante efici\u00eancia. O site armazenar\u00e1 as quest\u00f5es e os alunos dever\u00e3o, por meio de uma chave de acesso comum que ser\u00e1 disponibilizada pelo site ap\u00f3s o cadastramento das quest\u00f5es, fazer login e responder \u00e0s quest\u00f5es em formato de <em>quiz<\/em> interativo. Conforme acertam v\u00e3o acumulando pontos. Quem responde mais r\u00e1pido e de forma correta ganha mais pontos. Ao final do <em>quiz, <\/em>a plataforma comunica a coloca\u00e7\u00e3o dos jogadores. O objetivo n\u00e3o \u00e9 saber quem ganhou, mas trazer esse momento de lazer e divers\u00e3o para os alunos, mostrando que a escola pode ser lugar de ludicidade e acolhimento.<\/p>\n\n\n\n<p><\/p>\n<\/div>\n<\/div>\n\n\n\n<hr class=\"wp-block-separator has-text-color has-background has-very-light-gray-background-color has-very-light-gray-color is-style-default\"\/>\n\n\n\n<div class=\"wp-block-columns\">\n<div class=\"wp-block-column\" style=\"flex-basis:20%\">\n<div class=\"wp-block-image\"><figure class=\"alignright size-large\"><img src=\"https:\/\/educacaointegral.org.br\/especiais\/educacao-integral-na-serra\/wp-content\/uploads\/sites\/5\/2021\/04\/icon-fica-a-dica-amarelo.png\" alt=\"\" class=\"wp-image-61\"\/><\/figure><\/div>\n<\/div>\n\n\n\n<div class=\"wp-block-column\">\n<ul><li>Essa atividade pode ser realizada em aulas presenciais, mas necessita de computadores, tablets ou celulares para o acesso dos alunos.<\/li><li>Para elaborar quiz ou enquete para seus alunos, de maneira f\u00e1cil e r\u00e1pida, utilize o <a href=\"https:\/\/www.quiz-maker.com\/\">https:\/\/www.quiz-maker.com\/<\/a> Trata-se de uma plataforma que n\u00e3o exige cadastro e permite criar <em>quizzes<\/em> de forma simplificada. A vers\u00e3o gratuita \u00e9 vers\u00e1til e tem v\u00e1rias possibilidades na elabora\u00e7\u00e3o das quest\u00f5es.<\/li><\/ul>\n<\/div>\n<\/div>\n\n\n\n<p><\/p>\n","protected":false},"excerpt":{"rendered":"<p>Etapa: \u00a06\u00ba ao 9\u00ba anos do Ensino Fundamental Objetivos:&nbsp; Acolher os estudantes a partir do contexto da pandemia Ampliar a intera\u00e7\u00e3o e trazer ludicidade para o ambiente escolar. Tempo para a atividade: \u00a01 aula Intencionalidades pedag\u00f3gicas: Trata-se de uma proposta que pode ser utilizada de forma colaborativa entre os professores da unidade de ensino, na [&hellip;]<\/p>\n","protected":false},"author":1,"featured_media":0,"comment_status":"open","ping_status":"open","sticky":false,"template":"","format":"standard","meta":[],"categories":[2],"tags":[],"yoast_head":"<!-- This site is optimized with the Yoast SEO plugin v19.13 - https:\/\/yoast.com\/wordpress\/plugins\/seo\/ -->\n<title>Quizz interativo - Educa\u00e7\u00e3o Integral na Serra<\/title>\n<meta name=\"robots\" content=\"index, follow, max-snippet:-1, max-image-preview:large, max-video-preview:-1\" \/>\n<link rel=\"canonical\" href=\"https:\/\/educacaointegral.org.br\/especiais\/educacao-integral-na-serra\/2021\/04\/26\/quizz-interativo\/\" \/>\n<meta property=\"og:locale\" content=\"pt_BR\" \/>\n<meta property=\"og:type\" content=\"article\" \/>\n<meta property=\"og:title\" content=\"Quizz interativo - Educa\u00e7\u00e3o Integral na Serra\" \/>\n<meta property=\"og:description\" content=\"Etapa: \u00a06\u00ba ao 9\u00ba anos do Ensino Fundamental Objetivos:&nbsp; Acolher os estudantes a partir do contexto da pandemia Ampliar a intera\u00e7\u00e3o e trazer ludicidade para o ambiente escolar. Tempo para a atividade: \u00a01 aula Intencionalidades pedag\u00f3gicas: Trata-se de uma proposta que pode ser utilizada de forma colaborativa entre os professores da unidade de ensino, na [&hellip;]\" \/>\n<meta property=\"og:url\" content=\"https:\/\/educacaointegral.org.br\/especiais\/educacao-integral-na-serra\/2021\/04\/26\/quizz-interativo\/\" \/>\n<meta property=\"og:site_name\" content=\"Educa\u00e7\u00e3o Integral na Serra\" \/>\n<meta property=\"article:published_time\" content=\"2021-04-26T18:03:41+00:00\" \/>\n<meta property=\"article:modified_time\" content=\"2021-04-26T18:06:47+00:00\" \/>\n<meta property=\"og:image\" content=\"https:\/\/educacaointegral.org.br\/especiais\/educacao-integral-na-serra\/wp-content\/uploads\/sites\/5\/2021\/04\/icon-planeje.png\" \/>\n<meta name=\"author\" content=\"adminAprendiz\" \/>\n<meta name=\"twitter:card\" content=\"summary_large_image\" \/>\n<meta name=\"twitter:label1\" content=\"Escrito por\" \/>\n\t<meta name=\"twitter:data1\" content=\"adminAprendiz\" \/>\n\t<meta name=\"twitter:label2\" content=\"Est. tempo de leitura\" \/>\n\t<meta name=\"twitter:data2\" content=\"2 minutos\" \/>\n<script type=\"application\/ld+json\" class=\"yoast-schema-graph\">{\"@context\":\"https:\/\/schema.org\",\"@graph\":[{\"@type\":\"WebPage\",\"@id\":\"https:\/\/educacaointegral.org.br\/especiais\/educacao-integral-na-serra\/2021\/04\/26\/quizz-interativo\/\",\"url\":\"https:\/\/educacaointegral.org.br\/especiais\/educacao-integral-na-serra\/2021\/04\/26\/quizz-interativo\/\",\"name\":\"Quizz interativo - Educa\u00e7\u00e3o Integral na Serra\",\"isPartOf\":{\"@id\":\"https:\/\/educacaointegral.org.br\/especiais\/educacao-integral-na-serra\/#website\"},\"datePublished\":\"2021-04-26T18:03:41+00:00\",\"dateModified\":\"2021-04-26T18:06:47+00:00\",\"author\":{\"@id\":\"https:\/\/educacaointegral.org.br\/especiais\/educacao-integral-na-serra\/#\/schema\/person\/a66e4367284eb709977eaceffea97678\"},\"breadcrumb\":{\"@id\":\"https:\/\/educacaointegral.org.br\/especiais\/educacao-integral-na-serra\/2021\/04\/26\/quizz-interativo\/#breadcrumb\"},\"inLanguage\":\"pt-BR\",\"potentialAction\":[{\"@type\":\"ReadAction\",\"target\":[\"https:\/\/educacaointegral.org.br\/especiais\/educacao-integral-na-serra\/2021\/04\/26\/quizz-interativo\/\"]}]},{\"@type\":\"BreadcrumbList\",\"@id\":\"https:\/\/educacaointegral.org.br\/especiais\/educacao-integral-na-serra\/2021\/04\/26\/quizz-interativo\/#breadcrumb\",\"itemListElement\":[{\"@type\":\"ListItem\",\"position\":1,\"name\":\"In\u00edcio\",\"item\":\"https:\/\/educacaointegral.org.br\/especiais\/educacao-integral-na-serra\/\"},{\"@type\":\"ListItem\",\"position\":2,\"name\":\"Quizz interativo\"}]},{\"@type\":\"WebSite\",\"@id\":\"https:\/\/educacaointegral.org.br\/especiais\/educacao-integral-na-serra\/#website\",\"url\":\"https:\/\/educacaointegral.org.br\/especiais\/educacao-integral-na-serra\/\",\"name\":\"Educa\u00e7\u00e3o Integral na Serra\",\"description\":\"Educa\u00e7\u00e3o Integral e Territ\u00f3rios Educativos nas Pr\u00e1ticas Pedag\u00f3gicas da rede municipal de ensino de Serra\",\"potentialAction\":[{\"@type\":\"SearchAction\",\"target\":{\"@type\":\"EntryPoint\",\"urlTemplate\":\"https:\/\/educacaointegral.org.br\/especiais\/educacao-integral-na-serra\/?s={search_term_string}\"},\"query-input\":\"required name=search_term_string\"}],\"inLanguage\":\"pt-BR\"},{\"@type\":\"Person\",\"@id\":\"https:\/\/educacaointegral.org.br\/especiais\/educacao-integral-na-serra\/#\/schema\/person\/a66e4367284eb709977eaceffea97678\",\"name\":\"adminAprendiz\",\"image\":{\"@type\":\"ImageObject\",\"inLanguage\":\"pt-BR\",\"@id\":\"https:\/\/educacaointegral.org.br\/especiais\/educacao-integral-na-serra\/#\/schema\/person\/image\/\",\"url\":\"https:\/\/secure.gravatar.com\/avatar\/2c1508892e383f1f83fa78473fbd7041?s=96&d=mm&r=g\",\"contentUrl\":\"https:\/\/secure.gravatar.com\/avatar\/2c1508892e383f1f83fa78473fbd7041?s=96&d=mm&r=g\",\"caption\":\"adminAprendiz\"},\"url\":\"https:\/\/educacaointegral.org.br\/especiais\/educacao-integral-na-serra\/author\/adminaprendiz\/\"}]}<\/script>\n<!-- \/ Yoast SEO plugin. -->","yoast_head_json":{"title":"Quizz interativo - Educa\u00e7\u00e3o Integral na Serra","robots":{"index":"index","follow":"follow","max-snippet":"max-snippet:-1","max-image-preview":"max-image-preview:large","max-video-preview":"max-video-preview:-1"},"canonical":"https:\/\/educacaointegral.org.br\/especiais\/educacao-integral-na-serra\/2021\/04\/26\/quizz-interativo\/","og_locale":"pt_BR","og_type":"article","og_title":"Quizz interativo - Educa\u00e7\u00e3o Integral na Serra","og_description":"Etapa: \u00a06\u00ba ao 9\u00ba anos do Ensino Fundamental Objetivos:&nbsp; Acolher os estudantes a partir do contexto da pandemia Ampliar a intera\u00e7\u00e3o e trazer ludicidade para o ambiente escolar. Tempo para a atividade: \u00a01 aula Intencionalidades pedag\u00f3gicas: Trata-se de uma proposta que pode ser utilizada de forma colaborativa entre os professores da unidade de ensino, na [&hellip;]","og_url":"https:\/\/educacaointegral.org.br\/especiais\/educacao-integral-na-serra\/2021\/04\/26\/quizz-interativo\/","og_site_name":"Educa\u00e7\u00e3o Integral na Serra","article_published_time":"2021-04-26T18:03:41+00:00","article_modified_time":"2021-04-26T18:06:47+00:00","og_image":[{"url":"https:\/\/educacaointegral.org.br\/especiais\/educacao-integral-na-serra\/wp-content\/uploads\/sites\/5\/2021\/04\/icon-planeje.png"}],"author":"adminAprendiz","twitter_card":"summary_large_image","twitter_misc":{"Escrito por":"adminAprendiz","Est. tempo de leitura":"2 minutos"},"schema":{"@context":"https:\/\/schema.org","@graph":[{"@type":"WebPage","@id":"https:\/\/educacaointegral.org.br\/especiais\/educacao-integral-na-serra\/2021\/04\/26\/quizz-interativo\/","url":"https:\/\/educacaointegral.org.br\/especiais\/educacao-integral-na-serra\/2021\/04\/26\/quizz-interativo\/","name":"Quizz interativo - Educa\u00e7\u00e3o Integral na Serra","isPartOf":{"@id":"https:\/\/educacaointegral.org.br\/especiais\/educacao-integral-na-serra\/#website"},"datePublished":"2021-04-26T18:03:41+00:00","dateModified":"2021-04-26T18:06:47+00:00","author":{"@id":"https:\/\/educacaointegral.org.br\/especiais\/educacao-integral-na-serra\/#\/schema\/person\/a66e4367284eb709977eaceffea97678"},"breadcrumb":{"@id":"https:\/\/educacaointegral.org.br\/especiais\/educacao-integral-na-serra\/2021\/04\/26\/quizz-interativo\/#breadcrumb"},"inLanguage":"pt-BR","potentialAction":[{"@type":"ReadAction","target":["https:\/\/educacaointegral.org.br\/especiais\/educacao-integral-na-serra\/2021\/04\/26\/quizz-interativo\/"]}]},{"@type":"BreadcrumbList","@id":"https:\/\/educacaointegral.org.br\/especiais\/educacao-integral-na-serra\/2021\/04\/26\/quizz-interativo\/#breadcrumb","itemListElement":[{"@type":"ListItem","position":1,"name":"In\u00edcio","item":"https:\/\/educacaointegral.org.br\/especiais\/educacao-integral-na-serra\/"},{"@type":"ListItem","position":2,"name":"Quizz interativo"}]},{"@type":"WebSite","@id":"https:\/\/educacaointegral.org.br\/especiais\/educacao-integral-na-serra\/#website","url":"https:\/\/educacaointegral.org.br\/especiais\/educacao-integral-na-serra\/","name":"Educa\u00e7\u00e3o Integral na Serra","description":"Educa\u00e7\u00e3o Integral e Territ\u00f3rios Educativos nas Pr\u00e1ticas Pedag\u00f3gicas da rede municipal de ensino de Serra","potentialAction":[{"@type":"SearchAction","target":{"@type":"EntryPoint","urlTemplate":"https:\/\/educacaointegral.org.br\/especiais\/educacao-integral-na-serra\/?s={search_term_string}"},"query-input":"required name=search_term_string"}],"inLanguage":"pt-BR"},{"@type":"Person","@id":"https:\/\/educacaointegral.org.br\/especiais\/educacao-integral-na-serra\/#\/schema\/person\/a66e4367284eb709977eaceffea97678","name":"adminAprendiz","image":{"@type":"ImageObject","inLanguage":"pt-BR","@id":"https:\/\/educacaointegral.org.br\/especiais\/educacao-integral-na-serra\/#\/schema\/person\/image\/","url":"https:\/\/secure.gravatar.com\/avatar\/2c1508892e383f1f83fa78473fbd7041?s=96&d=mm&r=g","contentUrl":"https:\/\/secure.gravatar.com\/avatar\/2c1508892e383f1f83fa78473fbd7041?s=96&d=mm&r=g","caption":"adminAprendiz"},"url":"https:\/\/educacaointegral.org.br\/especiais\/educacao-integral-na-serra\/author\/adminaprendiz\/"}]}},"_links":{"self":[{"href":"https:\/\/educacaointegral.org.br\/especiais\/educacao-integral-na-serra\/wp-json\/wp\/v2\/posts\/14"}],"collection":[{"href":"https:\/\/educacaointegral.org.br\/especiais\/educacao-integral-na-serra\/wp-json\/wp\/v2\/posts"}],"about":[{"href":"https:\/\/educacaointegral.org.br\/especiais\/educacao-integral-na-serra\/wp-json\/wp\/v2\/types\/post"}],"author":[{"embeddable":true,"href":"https:\/\/educacaointegral.org.br\/especiais\/educacao-integral-na-serra\/wp-json\/wp\/v2\/users\/1"}],"replies":[{"embeddable":true,"href":"https:\/\/educacaointegral.org.br\/especiais\/educacao-integral-na-serra\/wp-json\/wp\/v2\/comments?post=14"}],"version-history":[{"count":2,"href":"https:\/\/educacaointegral.org.br\/especiais\/educacao-integral-na-serra\/wp-json\/wp\/v2\/posts\/14\/revisions"}],"predecessor-version":[{"id":16,"href":"https:\/\/educacaointegral.org.br\/especiais\/educacao-integral-na-serra\/wp-json\/wp\/v2\/posts\/14\/revisions\/16"}],"wp:attachment":[{"href":"https:\/\/educacaointegral.org.br\/especiais\/educacao-integral-na-serra\/wp-json\/wp\/v2\/media?parent=14"}],"wp:term":[{"taxonomy":"category","embeddable":true,"href":"https:\/\/educacaointegral.org.br\/especiais\/educacao-integral-na-serra\/wp-json\/wp\/v2\/categories?post=14"},{"taxonomy":"post_tag","embeddable":true,"href":"https:\/\/educacaointegral.org.br\/especiais\/educacao-integral-na-serra\/wp-json\/wp\/v2\/tags?post=14"}],"curies":[{"name":"wp","href":"https:\/\/api.w.org\/{rel}","templated":true}]}}