{"id":107,"date":"2021-06-21T13:31:51","date_gmt":"2021-06-21T16:31:51","guid":{"rendered":"https:\/\/educacaointegral.org.br\/especiais\/educacao-integral-na-serra\/?p=107"},"modified":"2021-06-21T13:31:52","modified_gmt":"2021-06-21T16:31:52","slug":"a-cor-da-minha-pele","status":"publish","type":"post","link":"https:\/\/educacaointegral.org.br\/especiais\/educacao-integral-na-serra\/2021\/06\/21\/a-cor-da-minha-pele\/","title":{"rendered":"A cor da minha pele"},"content":{"rendered":"\n<div class=\"wp-container-1 wp-block-buttons alignright is-content-justification-right\">\n<div class=\"wp-block-button btn-baixe\"><a class=\"wp-block-button__link has-background\" style=\"background-color:#c33761;border-radius:46px\">Baixe essa pr\u00e1tica<\/a><\/div>\n<\/div>\n\n\n\n<div style=\"height:26px\" aria-hidden=\"true\" class=\"wp-block-spacer\"><\/div>\n\n\n\n<div class=\"wp-block-columns\">\n<div class=\"wp-block-column\" style=\"flex-basis:20%\">\n<div class=\"wp-block-image\"><figure class=\"alignright size-large\"><img loading=\"lazy\" width=\"90\" height=\"111\" src=\"https:\/\/educacaointegral.org.br\/especiais\/educacao-integral-na-serra\/wp-content\/uploads\/sites\/5\/2021\/04\/icon-planeje-rosa.png\" alt=\"\" class=\"wp-image-45\"\/><\/figure><\/div>\n\n\n\n<p><\/p>\n<\/div>\n\n\n\n<div class=\"wp-block-column\">\n<p><strong>Etapa:<\/strong> &nbsp;anos iniciais EFI<\/p>\n\n\n\n<p><strong>Objetivos:<\/strong>&nbsp;<\/p>\n\n\n\n<ul><li>Reconhecer-se como sujeito integrante e formador da pluralidade cultural brasileira.<\/li><\/ul>\n\n\n\n<p><strong><strong>Tempo sugerido para a atividade:<\/strong><\/strong> 4 aulas<\/p>\n<\/div>\n<\/div>\n\n\n\n<hr class=\"wp-block-separator has-text-color has-background has-very-light-gray-background-color has-very-light-gray-color is-style-default\"\/>\n\n\n\n<div class=\"wp-block-columns\">\n<div class=\"wp-block-column\" style=\"flex-basis:20%\">\n<div class=\"wp-block-image\"><figure class=\"alignright size-large\"><img loading=\"lazy\" width=\"134\" height=\"120\" src=\"https:\/\/educacaointegral.org.br\/especiais\/educacao-integral-na-serra\/wp-content\/uploads\/sites\/5\/2021\/04\/icon-implemente-rosa.png\" alt=\"\" class=\"wp-image-46\"\/><\/figure><\/div>\n<\/div>\n\n\n\n<div class=\"wp-block-column\">\n<p><strong>Intencionalidades pedag\u00f3gicas:<\/strong> A atividade est\u00e1 baseada na proposta curricular do munic\u00edpio de Serra em que prevalece a concep\u00e7\u00e3o s\u00f3cio-hist\u00f3rica do sujeito. \u00c9 fundamental proporcionar aos alunos uma participa\u00e7\u00e3o ativa e dial\u00f3gica de modo que possam reconhecer-se e identificar-se com a atividade pedag\u00f3gica proposta. Esta atividade amplia o repert\u00f3rio cultural dos estudantes atrav\u00e9s da literatura e da arte para uma educa\u00e7\u00e3o antirracista, a qual \u00e9 imprescind\u00edvel para a forma\u00e7\u00e3o integral dos sujeitos em di\u00e1logo com um curr\u00edculo cr\u00edtico e descolonizado.<\/p>\n\n\n\n<p><strong>Como acontece: <\/strong>Fa\u00e7a uma pergunta inicial aos estudantes \u201cQual a cor do l\u00e1pis cor &nbsp;de pele?\u201d Ap\u00f3s ouvir as respostas dos estudantes, inicie a leitura em voz alta da hist\u00f3ria da menina &nbsp;Coraline, do livro \u201cA cor de Coraline\u201d (Editora &nbsp;Rocco), escrito e ilustrado por Alexandre Rampazzo. Segue um trecho do livro para orientar a realiza\u00e7\u00e3o dessa atividade: \u201c<em>Certa manh\u00e3 Coraline estava na sala de aula, quando um coleguinha se aproximou<\/em><em> <\/em><em>e disse: Coraline, voc\u00ea me empresta o l\u00e1pis<\/em><em> <\/em><em>cor de pele? Essa pergunta deixou a<\/em><em> <\/em><em>menina intrigada. Ela olhou para sua caixa<\/em><em> <\/em><em>de l\u00e1pis de cor e pensou: Cor de qual<\/em><em> <\/em><em>pele?<\/em>\u201d&nbsp;<\/p>\n\n\n\n<p>A partir da leitura do livro, pergunte aos seus estudantes: \u201cN\u00f3s todos temos a mesma cor de pele?\u201d e instigue-os a observar o tom da pr\u00f3pria&nbsp; pele. A partir do&nbsp; livro \u201cA cor de Coraline\u201d explore nas aulas subsequentes temas como: identidade,&nbsp; representatividade e empatia.&nbsp;<\/p>\n\n\n\n<p>Voc\u00ea poder\u00e1 ainda elencar outros&nbsp; temas para discutir com os (as) estudantes como a grande variedade das caracter\u00edsticas f\u00edsicas com rela\u00e7\u00e3o ao peso; altura; formato de rosto; tipos e cores&nbsp; de cabelo; de olhos e de tons de pele. Assim poder\u00e1 explorar a diversidade \u00e9tnica e cultural do territ\u00f3rio brasileiro.Os (as) estudantes ser\u00e3o convidados a produzir um auto retrato colorindo-o de acordo com sua cor de pele e a conhecer o \u201c<a href=\"https:\/\/angelicadass.com\/pt\/foto\/humanae\/\">Projeto Humanae<\/a>\u201d*, criado pela fot\u00f3grafa e&nbsp; artista brasileira Ang\u00e9lica Dass. A culmin\u00e2ncia da proposta \u00e9 a cria\u00e7\u00e3o de um painel com todos os autorretratos das turmas.<\/p>\n<\/div>\n<\/div>\n\n\n\n<hr class=\"wp-block-separator has-text-color has-background has-very-light-gray-background-color has-very-light-gray-color is-style-default\"\/>\n\n\n\n<div class=\"wp-block-columns\">\n<div class=\"wp-block-column\" style=\"flex-basis:20%\">\n<div class=\"wp-block-image\"><figure class=\"alignright size-large\"><img loading=\"lazy\" width=\"137\" height=\"107\" src=\"https:\/\/educacaointegral.org.br\/especiais\/educacao-integral-na-serra\/wp-content\/uploads\/sites\/5\/2021\/04\/icon-fica-a-dica-rosa.png\" alt=\"\" class=\"wp-image-47\"\/><\/figure><\/div>\n<\/div>\n\n\n\n<div class=\"wp-block-column\">\n<ul><li>Essa atividade pode ser realizada em condi\u00e7\u00e3o de distanciamento social.<\/li><li>O mural com todos os autorretratos pode ser feito com o uso do software\u00a0 <a href=\"https:\/\/padlet.com\/\"><em>padlet<\/em><\/a> (mural interativo com vers\u00e3o gratu\u00edta): e compartilhado com todos os alunos;<\/li><li>Outros livros que podem complementar esta atividade: 1- <strong>\u00a0<\/strong>Amoras (Emicida, 2018); 2- Sulwe (Lupita Nyong&#8217;o, 2019); 3- Meu Crespo \u00e9 de Rainha (Bell Hooks, 2018); 4- Omo-Oba: Hist\u00f3rias de Princesas (Kiusam de Oliveira, 2009);<\/li><li>Curtas infantis que abordam o tema racismo: 1-<strong> <\/strong>D\u00fad\u00fa e o L\u00e1pis Cor da Pele, Miguel Rodrigues. Dispon\u00edvel em: <a href=\"https:\/\/www.youtube.com\/watch?reload=9&amp;v=-VGpB_8b77U&amp;t=636s\">https:\/\/www.youtube.com\/watch?reload=9&amp;v=-VGpB_8b77U&amp;t=636s<\/a>); 2- Disque Quilombola, David Reeks. Dispon\u00edvel em: <a href=\"https:\/\/www.youtube.com\/watch?v=9ikGklDwENQ\">https:\/\/www.youtube.com\/watch?v=9ikGklDwENQ<\/a><\/li><\/ul>\n<\/div>\n<\/div>\n\n\n\n<p><\/p>\n","protected":false},"excerpt":{"rendered":"<p>Etapa: &nbsp;anos iniciais EFI Objetivos:&nbsp; Reconhecer-se como sujeito integrante e formador da pluralidade cultural brasileira. Tempo sugerido para a atividade: 4 aulas Intencionalidades pedag\u00f3gicas: A atividade est\u00e1 baseada na proposta curricular do munic\u00edpio de Serra em que prevalece a concep\u00e7\u00e3o s\u00f3cio-hist\u00f3rica do sujeito. \u00c9 fundamental proporcionar aos alunos uma participa\u00e7\u00e3o ativa e dial\u00f3gica de modo [&hellip;]<\/p>\n","protected":false},"author":1,"featured_media":0,"comment_status":"open","ping_status":"open","sticky":false,"template":"","format":"standard","meta":[],"categories":[3],"tags":[],"yoast_head":"<!-- This site is optimized with the Yoast SEO plugin v19.13 - https:\/\/yoast.com\/wordpress\/plugins\/seo\/ -->\n<title>A cor da minha pele - Educa\u00e7\u00e3o Integral na Serra<\/title>\n<meta name=\"robots\" content=\"index, follow, max-snippet:-1, max-image-preview:large, max-video-preview:-1\" \/>\n<link rel=\"canonical\" href=\"https:\/\/educacaointegral.org.br\/especiais\/educacao-integral-na-serra\/2021\/06\/21\/a-cor-da-minha-pele\/\" \/>\n<meta property=\"og:locale\" content=\"pt_BR\" \/>\n<meta property=\"og:type\" content=\"article\" \/>\n<meta property=\"og:title\" content=\"A cor da minha pele - Educa\u00e7\u00e3o Integral na Serra\" \/>\n<meta property=\"og:description\" content=\"Etapa: &nbsp;anos iniciais EFI Objetivos:&nbsp; Reconhecer-se como sujeito integrante e formador da pluralidade cultural brasileira. Tempo sugerido para a atividade: 4 aulas Intencionalidades pedag\u00f3gicas: A atividade est\u00e1 baseada na proposta curricular do munic\u00edpio de Serra em que prevalece a concep\u00e7\u00e3o s\u00f3cio-hist\u00f3rica do sujeito. \u00c9 fundamental proporcionar aos alunos uma participa\u00e7\u00e3o ativa e dial\u00f3gica de modo [&hellip;]\" \/>\n<meta property=\"og:url\" content=\"https:\/\/educacaointegral.org.br\/especiais\/educacao-integral-na-serra\/2021\/06\/21\/a-cor-da-minha-pele\/\" \/>\n<meta property=\"og:site_name\" content=\"Educa\u00e7\u00e3o Integral na Serra\" \/>\n<meta property=\"article:published_time\" content=\"2021-06-21T16:31:51+00:00\" \/>\n<meta property=\"article:modified_time\" content=\"2021-06-21T16:31:52+00:00\" \/>\n<meta property=\"og:image\" content=\"https:\/\/educacaointegral.org.br\/especiais\/educacao-integral-na-serra\/wp-content\/uploads\/sites\/5\/2021\/04\/icon-planeje-rosa.png\" \/>\n<meta name=\"author\" content=\"adminAprendiz\" \/>\n<meta name=\"twitter:card\" content=\"summary_large_image\" \/>\n<meta name=\"twitter:label1\" content=\"Escrito por\" \/>\n\t<meta name=\"twitter:data1\" content=\"adminAprendiz\" \/>\n\t<meta name=\"twitter:label2\" content=\"Est. tempo de leitura\" \/>\n\t<meta name=\"twitter:data2\" content=\"3 minutos\" \/>\n<script type=\"application\/ld+json\" class=\"yoast-schema-graph\">{\"@context\":\"https:\/\/schema.org\",\"@graph\":[{\"@type\":\"WebPage\",\"@id\":\"https:\/\/educacaointegral.org.br\/especiais\/educacao-integral-na-serra\/2021\/06\/21\/a-cor-da-minha-pele\/\",\"url\":\"https:\/\/educacaointegral.org.br\/especiais\/educacao-integral-na-serra\/2021\/06\/21\/a-cor-da-minha-pele\/\",\"name\":\"A cor da minha pele - Educa\u00e7\u00e3o Integral na Serra\",\"isPartOf\":{\"@id\":\"https:\/\/educacaointegral.org.br\/especiais\/educacao-integral-na-serra\/#website\"},\"datePublished\":\"2021-06-21T16:31:51+00:00\",\"dateModified\":\"2021-06-21T16:31:52+00:00\",\"author\":{\"@id\":\"https:\/\/educacaointegral.org.br\/especiais\/educacao-integral-na-serra\/#\/schema\/person\/a66e4367284eb709977eaceffea97678\"},\"breadcrumb\":{\"@id\":\"https:\/\/educacaointegral.org.br\/especiais\/educacao-integral-na-serra\/2021\/06\/21\/a-cor-da-minha-pele\/#breadcrumb\"},\"inLanguage\":\"pt-BR\",\"potentialAction\":[{\"@type\":\"ReadAction\",\"target\":[\"https:\/\/educacaointegral.org.br\/especiais\/educacao-integral-na-serra\/2021\/06\/21\/a-cor-da-minha-pele\/\"]}]},{\"@type\":\"BreadcrumbList\",\"@id\":\"https:\/\/educacaointegral.org.br\/especiais\/educacao-integral-na-serra\/2021\/06\/21\/a-cor-da-minha-pele\/#breadcrumb\",\"itemListElement\":[{\"@type\":\"ListItem\",\"position\":1,\"name\":\"In\u00edcio\",\"item\":\"https:\/\/educacaointegral.org.br\/especiais\/educacao-integral-na-serra\/\"},{\"@type\":\"ListItem\",\"position\":2,\"name\":\"A cor da minha pele\"}]},{\"@type\":\"WebSite\",\"@id\":\"https:\/\/educacaointegral.org.br\/especiais\/educacao-integral-na-serra\/#website\",\"url\":\"https:\/\/educacaointegral.org.br\/especiais\/educacao-integral-na-serra\/\",\"name\":\"Educa\u00e7\u00e3o Integral na Serra\",\"description\":\"Educa\u00e7\u00e3o Integral e Territ\u00f3rios Educativos nas Pr\u00e1ticas Pedag\u00f3gicas da rede municipal de ensino de Serra\",\"potentialAction\":[{\"@type\":\"SearchAction\",\"target\":{\"@type\":\"EntryPoint\",\"urlTemplate\":\"https:\/\/educacaointegral.org.br\/especiais\/educacao-integral-na-serra\/?s={search_term_string}\"},\"query-input\":\"required name=search_term_string\"}],\"inLanguage\":\"pt-BR\"},{\"@type\":\"Person\",\"@id\":\"https:\/\/educacaointegral.org.br\/especiais\/educacao-integral-na-serra\/#\/schema\/person\/a66e4367284eb709977eaceffea97678\",\"name\":\"adminAprendiz\",\"image\":{\"@type\":\"ImageObject\",\"inLanguage\":\"pt-BR\",\"@id\":\"https:\/\/educacaointegral.org.br\/especiais\/educacao-integral-na-serra\/#\/schema\/person\/image\/\",\"url\":\"https:\/\/secure.gravatar.com\/avatar\/2c1508892e383f1f83fa78473fbd7041?s=96&d=mm&r=g\",\"contentUrl\":\"https:\/\/secure.gravatar.com\/avatar\/2c1508892e383f1f83fa78473fbd7041?s=96&d=mm&r=g\",\"caption\":\"adminAprendiz\"},\"url\":\"https:\/\/educacaointegral.org.br\/especiais\/educacao-integral-na-serra\/author\/adminaprendiz\/\"}]}<\/script>\n<!-- \/ Yoast SEO plugin. -->","yoast_head_json":{"title":"A cor da minha pele - Educa\u00e7\u00e3o Integral na Serra","robots":{"index":"index","follow":"follow","max-snippet":"max-snippet:-1","max-image-preview":"max-image-preview:large","max-video-preview":"max-video-preview:-1"},"canonical":"https:\/\/educacaointegral.org.br\/especiais\/educacao-integral-na-serra\/2021\/06\/21\/a-cor-da-minha-pele\/","og_locale":"pt_BR","og_type":"article","og_title":"A cor da minha pele - Educa\u00e7\u00e3o Integral na Serra","og_description":"Etapa: &nbsp;anos iniciais EFI Objetivos:&nbsp; Reconhecer-se como sujeito integrante e formador da pluralidade cultural brasileira. Tempo sugerido para a atividade: 4 aulas Intencionalidades pedag\u00f3gicas: A atividade est\u00e1 baseada na proposta curricular do munic\u00edpio de Serra em que prevalece a concep\u00e7\u00e3o s\u00f3cio-hist\u00f3rica do sujeito. \u00c9 fundamental proporcionar aos alunos uma participa\u00e7\u00e3o ativa e dial\u00f3gica de modo [&hellip;]","og_url":"https:\/\/educacaointegral.org.br\/especiais\/educacao-integral-na-serra\/2021\/06\/21\/a-cor-da-minha-pele\/","og_site_name":"Educa\u00e7\u00e3o Integral na Serra","article_published_time":"2021-06-21T16:31:51+00:00","article_modified_time":"2021-06-21T16:31:52+00:00","og_image":[{"url":"https:\/\/educacaointegral.org.br\/especiais\/educacao-integral-na-serra\/wp-content\/uploads\/sites\/5\/2021\/04\/icon-planeje-rosa.png"}],"author":"adminAprendiz","twitter_card":"summary_large_image","twitter_misc":{"Escrito por":"adminAprendiz","Est. tempo de leitura":"3 minutos"},"schema":{"@context":"https:\/\/schema.org","@graph":[{"@type":"WebPage","@id":"https:\/\/educacaointegral.org.br\/especiais\/educacao-integral-na-serra\/2021\/06\/21\/a-cor-da-minha-pele\/","url":"https:\/\/educacaointegral.org.br\/especiais\/educacao-integral-na-serra\/2021\/06\/21\/a-cor-da-minha-pele\/","name":"A cor da minha pele - Educa\u00e7\u00e3o Integral na Serra","isPartOf":{"@id":"https:\/\/educacaointegral.org.br\/especiais\/educacao-integral-na-serra\/#website"},"datePublished":"2021-06-21T16:31:51+00:00","dateModified":"2021-06-21T16:31:52+00:00","author":{"@id":"https:\/\/educacaointegral.org.br\/especiais\/educacao-integral-na-serra\/#\/schema\/person\/a66e4367284eb709977eaceffea97678"},"breadcrumb":{"@id":"https:\/\/educacaointegral.org.br\/especiais\/educacao-integral-na-serra\/2021\/06\/21\/a-cor-da-minha-pele\/#breadcrumb"},"inLanguage":"pt-BR","potentialAction":[{"@type":"ReadAction","target":["https:\/\/educacaointegral.org.br\/especiais\/educacao-integral-na-serra\/2021\/06\/21\/a-cor-da-minha-pele\/"]}]},{"@type":"BreadcrumbList","@id":"https:\/\/educacaointegral.org.br\/especiais\/educacao-integral-na-serra\/2021\/06\/21\/a-cor-da-minha-pele\/#breadcrumb","itemListElement":[{"@type":"ListItem","position":1,"name":"In\u00edcio","item":"https:\/\/educacaointegral.org.br\/especiais\/educacao-integral-na-serra\/"},{"@type":"ListItem","position":2,"name":"A cor da minha pele"}]},{"@type":"WebSite","@id":"https:\/\/educacaointegral.org.br\/especiais\/educacao-integral-na-serra\/#website","url":"https:\/\/educacaointegral.org.br\/especiais\/educacao-integral-na-serra\/","name":"Educa\u00e7\u00e3o Integral na Serra","description":"Educa\u00e7\u00e3o Integral e Territ\u00f3rios Educativos nas Pr\u00e1ticas Pedag\u00f3gicas da rede municipal de ensino de Serra","potentialAction":[{"@type":"SearchAction","target":{"@type":"EntryPoint","urlTemplate":"https:\/\/educacaointegral.org.br\/especiais\/educacao-integral-na-serra\/?s={search_term_string}"},"query-input":"required name=search_term_string"}],"inLanguage":"pt-BR"},{"@type":"Person","@id":"https:\/\/educacaointegral.org.br\/especiais\/educacao-integral-na-serra\/#\/schema\/person\/a66e4367284eb709977eaceffea97678","name":"adminAprendiz","image":{"@type":"ImageObject","inLanguage":"pt-BR","@id":"https:\/\/educacaointegral.org.br\/especiais\/educacao-integral-na-serra\/#\/schema\/person\/image\/","url":"https:\/\/secure.gravatar.com\/avatar\/2c1508892e383f1f83fa78473fbd7041?s=96&d=mm&r=g","contentUrl":"https:\/\/secure.gravatar.com\/avatar\/2c1508892e383f1f83fa78473fbd7041?s=96&d=mm&r=g","caption":"adminAprendiz"},"url":"https:\/\/educacaointegral.org.br\/especiais\/educacao-integral-na-serra\/author\/adminaprendiz\/"}]}},"_links":{"self":[{"href":"https:\/\/educacaointegral.org.br\/especiais\/educacao-integral-na-serra\/wp-json\/wp\/v2\/posts\/107"}],"collection":[{"href":"https:\/\/educacaointegral.org.br\/especiais\/educacao-integral-na-serra\/wp-json\/wp\/v2\/posts"}],"about":[{"href":"https:\/\/educacaointegral.org.br\/especiais\/educacao-integral-na-serra\/wp-json\/wp\/v2\/types\/post"}],"author":[{"embeddable":true,"href":"https:\/\/educacaointegral.org.br\/especiais\/educacao-integral-na-serra\/wp-json\/wp\/v2\/users\/1"}],"replies":[{"embeddable":true,"href":"https:\/\/educacaointegral.org.br\/especiais\/educacao-integral-na-serra\/wp-json\/wp\/v2\/comments?post=107"}],"version-history":[{"count":1,"href":"https:\/\/educacaointegral.org.br\/especiais\/educacao-integral-na-serra\/wp-json\/wp\/v2\/posts\/107\/revisions"}],"predecessor-version":[{"id":108,"href":"https:\/\/educacaointegral.org.br\/especiais\/educacao-integral-na-serra\/wp-json\/wp\/v2\/posts\/107\/revisions\/108"}],"wp:attachment":[{"href":"https:\/\/educacaointegral.org.br\/especiais\/educacao-integral-na-serra\/wp-json\/wp\/v2\/media?parent=107"}],"wp:term":[{"taxonomy":"category","embeddable":true,"href":"https:\/\/educacaointegral.org.br\/especiais\/educacao-integral-na-serra\/wp-json\/wp\/v2\/categories?post=107"},{"taxonomy":"post_tag","embeddable":true,"href":"https:\/\/educacaointegral.org.br\/especiais\/educacao-integral-na-serra\/wp-json\/wp\/v2\/tags?post=107"}],"curies":[{"name":"wp","href":"https:\/\/api.w.org\/{rel}","templated":true}]}}