{"id":101,"date":"2021-06-21T13:26:13","date_gmt":"2021-06-21T16:26:13","guid":{"rendered":"https:\/\/educacaointegral.org.br\/especiais\/educacao-integral-na-serra\/?p=101"},"modified":"2021-06-21T13:26:14","modified_gmt":"2021-06-21T16:26:14","slug":"a-festa-de-sao-benedito-pluralidade-respeito-e-tradicao-na-serra-es","status":"publish","type":"post","link":"https:\/\/educacaointegral.org.br\/especiais\/educacao-integral-na-serra\/2021\/06\/21\/a-festa-de-sao-benedito-pluralidade-respeito-e-tradicao-na-serra-es\/","title":{"rendered":"A festa de S\u00e3o Benedito: pluralidade, respeito e tradi\u00e7\u00e3o na Serra (ES)"},"content":{"rendered":"\n<div class=\"wp-container-1 wp-block-buttons alignright is-content-justification-right\">\n<div class=\"wp-block-button btn-baixe\"><a class=\"wp-block-button__link has-background\" style=\"background-color:#c33761;border-radius:46px\">Baixe essa pr\u00e1tica<\/a><\/div>\n<\/div>\n\n\n\n<div style=\"height:26px\" aria-hidden=\"true\" class=\"wp-block-spacer\"><\/div>\n\n\n\n<div class=\"wp-block-columns\">\n<div class=\"wp-block-column\" style=\"flex-basis:20%\">\n<div class=\"wp-block-image\"><figure class=\"alignright size-large\"><img loading=\"lazy\" width=\"90\" height=\"111\" src=\"https:\/\/educacaointegral.org.br\/especiais\/educacao-integral-na-serra\/wp-content\/uploads\/sites\/5\/2021\/04\/icon-planeje-rosa.png\" alt=\"\" class=\"wp-image-45\"\/><\/figure><\/div>\n\n\n\n<p><\/p>\n<\/div>\n\n\n\n<div class=\"wp-block-column\">\n<p><strong>Etapa:<\/strong> \u00a0EFII anos finais<\/p>\n\n\n\n<p><strong>Objetivos:<\/strong>&nbsp;<\/p>\n\n\n\n<ul><li>Valorizar a hist\u00f3ria e personagens do munic\u00edpio da Serra.<\/li><li>\u00a0Promover a reflex\u00e3o a respeito da igualdade racial.\u00a0<\/li><li>Estimular o respeito \u00e0s diferen\u00e7as.<\/li><\/ul>\n\n\n\n<p><strong>Tempo para a atividade:<\/strong> 3 aulas<\/p>\n<\/div>\n<\/div>\n\n\n\n<hr class=\"wp-block-separator has-text-color has-background has-very-light-gray-background-color has-very-light-gray-color is-style-default\"\/>\n\n\n\n<div class=\"wp-block-columns\">\n<div class=\"wp-block-column\" style=\"flex-basis:20%\">\n<div class=\"wp-block-image\"><figure class=\"alignright size-large\"><img loading=\"lazy\" width=\"134\" height=\"120\" src=\"https:\/\/educacaointegral.org.br\/especiais\/educacao-integral-na-serra\/wp-content\/uploads\/sites\/5\/2021\/04\/icon-implemente-rosa.png\" alt=\"\" class=\"wp-image-46\"\/><\/figure><\/div>\n<\/div>\n\n\n\n<div class=\"wp-block-column\">\n<p><strong>Intencionalidades pedag\u00f3gicas: <\/strong>Identificar o assunto de um texto narrado ou impresso. Compreender que um texto \u00e9 composto por diferentes palavras. Reconhecer diferentes tempos e culturas (comunidades ind\u00edgenas, quilombolas etc.) e identificar suas caracter\u00edsticas em diferentes ocasi\u00f5es cotidianas (escola, comunidade).<\/p>\n\n\n\n<p><strong>Como acontece:<\/strong> O professor apresenta aos estudantes como surgiu a tradi\u00e7\u00e3o da Festa de S\u00e3o Benedito. Iniciar contando que a festa foi realizada pela primeira vez, oficialmente, em 1826 e que todos os anos atrai um p\u00fablico de mais de 100 mil pessoas do Estado do Esp\u00edrito Santo para a cidade de Serra nos dias 25, 26 e 27 de dezembro.&nbsp;<\/p>\n\n\n\n<p>Segundo a tradi\u00e7\u00e3o que foi passada de pai para filho ao longo dos anos, a festa \u00e9 comemorada em homenagem ao santo negro que socorreu um navio naufragado que carregava escravos pela costa do Esp\u00edrito Santo. Diante do desespero e do medo da morte invocaram a prote\u00e7\u00e3o de S\u00e3o Benedito.&nbsp;<\/p>\n\n\n\n<p>De acordo com a hist\u00f3ria, gra\u00e7as \u00e0s preces, os escravos conseguiram sobreviver abra\u00e7ados ao mastro que se desprendeu do navio e os levou at\u00e9 \u00e0 praia.<\/p>\n\n\n\n<p>Diante disto, a tradi\u00e7\u00e3o da festa gira em torno do mastro simb\u00f3lico, sendo caracterizada pela sua cortada, puxada, fincada e retirada.<\/p>\n\n\n\n<p>Em outro momento com os estudantes, o professor apresenta todas as etapas da festa as quais ser\u00e3o, resumidamente, apresentadas a seguir:<\/p>\n\n\n\n<ol><li>a cortada se d\u00e1 no primeiro domingo ap\u00f3s o dia 8 de dezembro. Homens se embrenham nas matas de Serra-Sede em busca do mastro que protagonizar\u00e1 as comemora\u00e7\u00f5es daquele ano;&nbsp;<\/li><li>cortam um tronco verde e \u00famido o qual \u00e9 trazido da mata por tr\u00eas juntas de bois com ornamenta\u00e7\u00e3o festiva de cangas enfeitadas com folhas e flores silvestres;<\/li><li>os homens chamados de \u201cp\u00e9s-descal\u00e7os\u201d, s\u00e3o acompanhados por outros homens vestidos com roupas de gala os quais representam os feitores. O cortejo \u00e9 acompanhado pelas Bandas de Congo;<\/li><li>no dia 25 de dezembro \u00e9 a prociss\u00e3o de S\u00e3o Benedito. Ap\u00f3s a prociss\u00e3o as pessoas seguem at\u00e9 o bairro de Ca\u00e7aroca para buscar o navio que representa o navio negreiro da hist\u00f3ria, feito sob um carro de boi, todo ornamentado e iluminado de acordo com as caracter\u00edsticas da festa;&nbsp;<\/li><li>o nome PALERMO escrito no navio se d\u00e1 pela raz\u00e3o de S\u00e3o Benedito ter nascido na Cidade de Palermo, Capital da Sic\u00edlia, It\u00e1lia. Ele \u00e9 puxado pelas principais ruas da cidade atrav\u00e9s de uma corda pelos fi\u00e9is que pagam suas promessas e sobre ele v\u00e3o algumas crian\u00e7as representando marinheiros;<\/li><li>no dia 26 de dezembro o mastro \u00e9 colocado na parte superior do navio e \u00e0s 17 horas \u00e9 puxado novamente pelos fi\u00e9is que depois o retira e o finca em frente \u00e0 Igreja matriz Nossa Senhora da Concei\u00e7\u00e3o ao som dos tambores das Bandas de Congo;<\/li><li>o mastro permanece fincado em frente \u00e0 igreja at\u00e9 o domingo de P\u00e1scoa, quando \u00e9 feita a sua derrubada em frente \u00e0 Igreja Matriz.<\/li><\/ol>\n\n\n\n<p>Em outro momento, o professor convida os estudantes a produzirem um texto sobre as suas percep\u00e7\u00f5es sobre a hist\u00f3ria narrada incluindo, por exemplo, a participa\u00e7\u00e3o de suas fam\u00edlias na festa, a import\u00e2ncia da festa para o munic\u00edpio, a rela\u00e7\u00e3o da festa com a diversidade e identidades da regi\u00e3o, entre outros.<\/p>\n<\/div>\n<\/div>\n\n\n\n<hr class=\"wp-block-separator has-text-color has-background has-very-light-gray-background-color has-very-light-gray-color is-style-default\"\/>\n\n\n\n<div class=\"wp-block-columns\">\n<div class=\"wp-block-column\" style=\"flex-basis:20%\">\n<div class=\"wp-block-image\"><figure class=\"alignright size-large\"><img loading=\"lazy\" width=\"137\" height=\"107\" src=\"https:\/\/educacaointegral.org.br\/especiais\/educacao-integral-na-serra\/wp-content\/uploads\/sites\/5\/2021\/04\/icon-fica-a-dica-rosa.png\" alt=\"\" class=\"wp-image-47\"\/><\/figure><\/div>\n<\/div>\n\n\n\n<div class=\"wp-block-column\">\n<ul><li>essa atividade pode ser realizada em condi\u00e7\u00e3o de distanciamento social;<\/li><li>voc\u00ea pode pode solicitar aos estudantes outras pesquisas que ampliem os conhecimentos sobre o levantamento do mastro e rela\u00e7\u00e3o com as festas e tradi\u00e7\u00f5es brasileiras. O levantamento do mastro faz parte, por exemplo, do encerramento das festas juninas; como parte da festa do Divino e da tradi\u00e7\u00e3o que simboliza a vitalidade masculina na aldeia, entre outros. As pesquisas produzidas pelos alunos podem ser inseridas no <em>padlet<\/em> (https:\/\/pt-br.padlet.com\/) o qual poder\u00e1 ser compartilhado com os colegas da sala e suas fam\u00edlias;<\/li><li>sugerimos alguns v\u00eddeos que podem complementar a sua atividade: 1 &#8211; levantamento do Mastro na congada de S\u00e3o Benedito em Ilha Bela, SP (<a href=\"https:\/\/www.youtube.com\/watch?v=1KIA9hPAKbc\">https:\/\/www.youtube.com\/watch?v=1KIA9hPAKbc<\/a>);\u00a0 2- a tradi\u00e7\u00e3o do mastro para os 3 santos, S\u00e3o Luiz do Paraitinga, SP (<a href=\"https:\/\/www.youtube.com\/watch?v=tNiEkErIDU0\">https:\/\/www.youtube.com\/watch?v=tNiEkErIDU0<\/a>); 3- festa do Divino, Alc\u00e2ntara, MA (<a href=\"https:\/\/www.youtube.com\/watch?v=LrtfEJJ-z5M\">https:\/\/www.youtube.com\/watch?v=LrtfEJJ-z5M<\/a>).<\/li><\/ul>\n<\/div>\n<\/div>\n\n\n\n<p><\/p>\n","protected":false},"excerpt":{"rendered":"<p>Etapa: \u00a0EFII anos finais Objetivos:&nbsp; Valorizar a hist\u00f3ria e personagens do munic\u00edpio da Serra. \u00a0Promover a reflex\u00e3o a respeito da igualdade racial.\u00a0 Estimular o respeito \u00e0s diferen\u00e7as. Tempo para a atividade: 3 aulas Intencionalidades pedag\u00f3gicas: Identificar o assunto de um texto narrado ou impresso. Compreender que um texto \u00e9 composto por diferentes palavras. Reconhecer diferentes [&hellip;]<\/p>\n","protected":false},"author":1,"featured_media":0,"comment_status":"open","ping_status":"open","sticky":false,"template":"","format":"standard","meta":[],"categories":[3],"tags":[],"yoast_head":"<!-- This site is optimized with the Yoast SEO plugin v19.13 - https:\/\/yoast.com\/wordpress\/plugins\/seo\/ -->\n<title>A festa de S\u00e3o Benedito: pluralidade, respeito e tradi\u00e7\u00e3o na Serra (ES) - Educa\u00e7\u00e3o Integral na Serra<\/title>\n<meta name=\"robots\" content=\"index, follow, max-snippet:-1, max-image-preview:large, max-video-preview:-1\" \/>\n<link rel=\"canonical\" href=\"https:\/\/educacaointegral.org.br\/especiais\/educacao-integral-na-serra\/2021\/06\/21\/a-festa-de-sao-benedito-pluralidade-respeito-e-tradicao-na-serra-es\/\" \/>\n<meta property=\"og:locale\" content=\"pt_BR\" \/>\n<meta property=\"og:type\" content=\"article\" \/>\n<meta property=\"og:title\" content=\"A festa de S\u00e3o Benedito: pluralidade, respeito e tradi\u00e7\u00e3o na Serra (ES) - Educa\u00e7\u00e3o Integral na Serra\" \/>\n<meta property=\"og:description\" content=\"Etapa: \u00a0EFII anos finais Objetivos:&nbsp; Valorizar a hist\u00f3ria e personagens do munic\u00edpio da Serra. \u00a0Promover a reflex\u00e3o a respeito da igualdade racial.\u00a0 Estimular o respeito \u00e0s diferen\u00e7as. Tempo para a atividade: 3 aulas Intencionalidades pedag\u00f3gicas: Identificar o assunto de um texto narrado ou impresso. Compreender que um texto \u00e9 composto por diferentes palavras. Reconhecer diferentes [&hellip;]\" \/>\n<meta property=\"og:url\" content=\"https:\/\/educacaointegral.org.br\/especiais\/educacao-integral-na-serra\/2021\/06\/21\/a-festa-de-sao-benedito-pluralidade-respeito-e-tradicao-na-serra-es\/\" \/>\n<meta property=\"og:site_name\" content=\"Educa\u00e7\u00e3o Integral na Serra\" \/>\n<meta property=\"article:published_time\" content=\"2021-06-21T16:26:13+00:00\" \/>\n<meta property=\"article:modified_time\" content=\"2021-06-21T16:26:14+00:00\" \/>\n<meta property=\"og:image\" content=\"https:\/\/educacaointegral.org.br\/especiais\/educacao-integral-na-serra\/wp-content\/uploads\/sites\/5\/2021\/04\/icon-planeje-rosa.png\" \/>\n<meta name=\"author\" content=\"adminAprendiz\" \/>\n<meta name=\"twitter:card\" content=\"summary_large_image\" \/>\n<meta name=\"twitter:label1\" content=\"Escrito por\" \/>\n\t<meta name=\"twitter:data1\" content=\"adminAprendiz\" \/>\n\t<meta name=\"twitter:label2\" content=\"Est. tempo de leitura\" \/>\n\t<meta name=\"twitter:data2\" content=\"4 minutos\" \/>\n<script type=\"application\/ld+json\" class=\"yoast-schema-graph\">{\"@context\":\"https:\/\/schema.org\",\"@graph\":[{\"@type\":\"WebPage\",\"@id\":\"https:\/\/educacaointegral.org.br\/especiais\/educacao-integral-na-serra\/2021\/06\/21\/a-festa-de-sao-benedito-pluralidade-respeito-e-tradicao-na-serra-es\/\",\"url\":\"https:\/\/educacaointegral.org.br\/especiais\/educacao-integral-na-serra\/2021\/06\/21\/a-festa-de-sao-benedito-pluralidade-respeito-e-tradicao-na-serra-es\/\",\"name\":\"A festa de S\u00e3o Benedito: pluralidade, respeito e tradi\u00e7\u00e3o na Serra (ES) - Educa\u00e7\u00e3o Integral na Serra\",\"isPartOf\":{\"@id\":\"https:\/\/educacaointegral.org.br\/especiais\/educacao-integral-na-serra\/#website\"},\"datePublished\":\"2021-06-21T16:26:13+00:00\",\"dateModified\":\"2021-06-21T16:26:14+00:00\",\"author\":{\"@id\":\"https:\/\/educacaointegral.org.br\/especiais\/educacao-integral-na-serra\/#\/schema\/person\/a66e4367284eb709977eaceffea97678\"},\"breadcrumb\":{\"@id\":\"https:\/\/educacaointegral.org.br\/especiais\/educacao-integral-na-serra\/2021\/06\/21\/a-festa-de-sao-benedito-pluralidade-respeito-e-tradicao-na-serra-es\/#breadcrumb\"},\"inLanguage\":\"pt-BR\",\"potentialAction\":[{\"@type\":\"ReadAction\",\"target\":[\"https:\/\/educacaointegral.org.br\/especiais\/educacao-integral-na-serra\/2021\/06\/21\/a-festa-de-sao-benedito-pluralidade-respeito-e-tradicao-na-serra-es\/\"]}]},{\"@type\":\"BreadcrumbList\",\"@id\":\"https:\/\/educacaointegral.org.br\/especiais\/educacao-integral-na-serra\/2021\/06\/21\/a-festa-de-sao-benedito-pluralidade-respeito-e-tradicao-na-serra-es\/#breadcrumb\",\"itemListElement\":[{\"@type\":\"ListItem\",\"position\":1,\"name\":\"In\u00edcio\",\"item\":\"https:\/\/educacaointegral.org.br\/especiais\/educacao-integral-na-serra\/\"},{\"@type\":\"ListItem\",\"position\":2,\"name\":\"A festa de S\u00e3o Benedito: pluralidade, respeito e tradi\u00e7\u00e3o na Serra (ES)\"}]},{\"@type\":\"WebSite\",\"@id\":\"https:\/\/educacaointegral.org.br\/especiais\/educacao-integral-na-serra\/#website\",\"url\":\"https:\/\/educacaointegral.org.br\/especiais\/educacao-integral-na-serra\/\",\"name\":\"Educa\u00e7\u00e3o Integral na Serra\",\"description\":\"Educa\u00e7\u00e3o Integral e Territ\u00f3rios Educativos nas Pr\u00e1ticas Pedag\u00f3gicas da rede municipal de ensino de Serra\",\"potentialAction\":[{\"@type\":\"SearchAction\",\"target\":{\"@type\":\"EntryPoint\",\"urlTemplate\":\"https:\/\/educacaointegral.org.br\/especiais\/educacao-integral-na-serra\/?s={search_term_string}\"},\"query-input\":\"required name=search_term_string\"}],\"inLanguage\":\"pt-BR\"},{\"@type\":\"Person\",\"@id\":\"https:\/\/educacaointegral.org.br\/especiais\/educacao-integral-na-serra\/#\/schema\/person\/a66e4367284eb709977eaceffea97678\",\"name\":\"adminAprendiz\",\"image\":{\"@type\":\"ImageObject\",\"inLanguage\":\"pt-BR\",\"@id\":\"https:\/\/educacaointegral.org.br\/especiais\/educacao-integral-na-serra\/#\/schema\/person\/image\/\",\"url\":\"https:\/\/secure.gravatar.com\/avatar\/2c1508892e383f1f83fa78473fbd7041?s=96&d=mm&r=g\",\"contentUrl\":\"https:\/\/secure.gravatar.com\/avatar\/2c1508892e383f1f83fa78473fbd7041?s=96&d=mm&r=g\",\"caption\":\"adminAprendiz\"},\"url\":\"https:\/\/educacaointegral.org.br\/especiais\/educacao-integral-na-serra\/author\/adminaprendiz\/\"}]}<\/script>\n<!-- \/ Yoast SEO plugin. -->","yoast_head_json":{"title":"A festa de S\u00e3o Benedito: pluralidade, respeito e tradi\u00e7\u00e3o na Serra (ES) - Educa\u00e7\u00e3o Integral na Serra","robots":{"index":"index","follow":"follow","max-snippet":"max-snippet:-1","max-image-preview":"max-image-preview:large","max-video-preview":"max-video-preview:-1"},"canonical":"https:\/\/educacaointegral.org.br\/especiais\/educacao-integral-na-serra\/2021\/06\/21\/a-festa-de-sao-benedito-pluralidade-respeito-e-tradicao-na-serra-es\/","og_locale":"pt_BR","og_type":"article","og_title":"A festa de S\u00e3o Benedito: pluralidade, respeito e tradi\u00e7\u00e3o na Serra (ES) - Educa\u00e7\u00e3o Integral na Serra","og_description":"Etapa: \u00a0EFII anos finais Objetivos:&nbsp; Valorizar a hist\u00f3ria e personagens do munic\u00edpio da Serra. \u00a0Promover a reflex\u00e3o a respeito da igualdade racial.\u00a0 Estimular o respeito \u00e0s diferen\u00e7as. Tempo para a atividade: 3 aulas Intencionalidades pedag\u00f3gicas: Identificar o assunto de um texto narrado ou impresso. Compreender que um texto \u00e9 composto por diferentes palavras. Reconhecer diferentes [&hellip;]","og_url":"https:\/\/educacaointegral.org.br\/especiais\/educacao-integral-na-serra\/2021\/06\/21\/a-festa-de-sao-benedito-pluralidade-respeito-e-tradicao-na-serra-es\/","og_site_name":"Educa\u00e7\u00e3o Integral na Serra","article_published_time":"2021-06-21T16:26:13+00:00","article_modified_time":"2021-06-21T16:26:14+00:00","og_image":[{"url":"https:\/\/educacaointegral.org.br\/especiais\/educacao-integral-na-serra\/wp-content\/uploads\/sites\/5\/2021\/04\/icon-planeje-rosa.png"}],"author":"adminAprendiz","twitter_card":"summary_large_image","twitter_misc":{"Escrito por":"adminAprendiz","Est. tempo de leitura":"4 minutos"},"schema":{"@context":"https:\/\/schema.org","@graph":[{"@type":"WebPage","@id":"https:\/\/educacaointegral.org.br\/especiais\/educacao-integral-na-serra\/2021\/06\/21\/a-festa-de-sao-benedito-pluralidade-respeito-e-tradicao-na-serra-es\/","url":"https:\/\/educacaointegral.org.br\/especiais\/educacao-integral-na-serra\/2021\/06\/21\/a-festa-de-sao-benedito-pluralidade-respeito-e-tradicao-na-serra-es\/","name":"A festa de S\u00e3o Benedito: pluralidade, respeito e tradi\u00e7\u00e3o na Serra (ES) - Educa\u00e7\u00e3o Integral na Serra","isPartOf":{"@id":"https:\/\/educacaointegral.org.br\/especiais\/educacao-integral-na-serra\/#website"},"datePublished":"2021-06-21T16:26:13+00:00","dateModified":"2021-06-21T16:26:14+00:00","author":{"@id":"https:\/\/educacaointegral.org.br\/especiais\/educacao-integral-na-serra\/#\/schema\/person\/a66e4367284eb709977eaceffea97678"},"breadcrumb":{"@id":"https:\/\/educacaointegral.org.br\/especiais\/educacao-integral-na-serra\/2021\/06\/21\/a-festa-de-sao-benedito-pluralidade-respeito-e-tradicao-na-serra-es\/#breadcrumb"},"inLanguage":"pt-BR","potentialAction":[{"@type":"ReadAction","target":["https:\/\/educacaointegral.org.br\/especiais\/educacao-integral-na-serra\/2021\/06\/21\/a-festa-de-sao-benedito-pluralidade-respeito-e-tradicao-na-serra-es\/"]}]},{"@type":"BreadcrumbList","@id":"https:\/\/educacaointegral.org.br\/especiais\/educacao-integral-na-serra\/2021\/06\/21\/a-festa-de-sao-benedito-pluralidade-respeito-e-tradicao-na-serra-es\/#breadcrumb","itemListElement":[{"@type":"ListItem","position":1,"name":"In\u00edcio","item":"https:\/\/educacaointegral.org.br\/especiais\/educacao-integral-na-serra\/"},{"@type":"ListItem","position":2,"name":"A festa de S\u00e3o Benedito: pluralidade, respeito e tradi\u00e7\u00e3o na Serra (ES)"}]},{"@type":"WebSite","@id":"https:\/\/educacaointegral.org.br\/especiais\/educacao-integral-na-serra\/#website","url":"https:\/\/educacaointegral.org.br\/especiais\/educacao-integral-na-serra\/","name":"Educa\u00e7\u00e3o Integral na Serra","description":"Educa\u00e7\u00e3o Integral e Territ\u00f3rios Educativos nas Pr\u00e1ticas Pedag\u00f3gicas da rede municipal de ensino de Serra","potentialAction":[{"@type":"SearchAction","target":{"@type":"EntryPoint","urlTemplate":"https:\/\/educacaointegral.org.br\/especiais\/educacao-integral-na-serra\/?s={search_term_string}"},"query-input":"required name=search_term_string"}],"inLanguage":"pt-BR"},{"@type":"Person","@id":"https:\/\/educacaointegral.org.br\/especiais\/educacao-integral-na-serra\/#\/schema\/person\/a66e4367284eb709977eaceffea97678","name":"adminAprendiz","image":{"@type":"ImageObject","inLanguage":"pt-BR","@id":"https:\/\/educacaointegral.org.br\/especiais\/educacao-integral-na-serra\/#\/schema\/person\/image\/","url":"https:\/\/secure.gravatar.com\/avatar\/2c1508892e383f1f83fa78473fbd7041?s=96&d=mm&r=g","contentUrl":"https:\/\/secure.gravatar.com\/avatar\/2c1508892e383f1f83fa78473fbd7041?s=96&d=mm&r=g","caption":"adminAprendiz"},"url":"https:\/\/educacaointegral.org.br\/especiais\/educacao-integral-na-serra\/author\/adminaprendiz\/"}]}},"_links":{"self":[{"href":"https:\/\/educacaointegral.org.br\/especiais\/educacao-integral-na-serra\/wp-json\/wp\/v2\/posts\/101"}],"collection":[{"href":"https:\/\/educacaointegral.org.br\/especiais\/educacao-integral-na-serra\/wp-json\/wp\/v2\/posts"}],"about":[{"href":"https:\/\/educacaointegral.org.br\/especiais\/educacao-integral-na-serra\/wp-json\/wp\/v2\/types\/post"}],"author":[{"embeddable":true,"href":"https:\/\/educacaointegral.org.br\/especiais\/educacao-integral-na-serra\/wp-json\/wp\/v2\/users\/1"}],"replies":[{"embeddable":true,"href":"https:\/\/educacaointegral.org.br\/especiais\/educacao-integral-na-serra\/wp-json\/wp\/v2\/comments?post=101"}],"version-history":[{"count":1,"href":"https:\/\/educacaointegral.org.br\/especiais\/educacao-integral-na-serra\/wp-json\/wp\/v2\/posts\/101\/revisions"}],"predecessor-version":[{"id":102,"href":"https:\/\/educacaointegral.org.br\/especiais\/educacao-integral-na-serra\/wp-json\/wp\/v2\/posts\/101\/revisions\/102"}],"wp:attachment":[{"href":"https:\/\/educacaointegral.org.br\/especiais\/educacao-integral-na-serra\/wp-json\/wp\/v2\/media?parent=101"}],"wp:term":[{"taxonomy":"category","embeddable":true,"href":"https:\/\/educacaointegral.org.br\/especiais\/educacao-integral-na-serra\/wp-json\/wp\/v2\/categories?post=101"},{"taxonomy":"post_tag","embeddable":true,"href":"https:\/\/educacaointegral.org.br\/especiais\/educacao-integral-na-serra\/wp-json\/wp\/v2\/tags?post=101"}],"curies":[{"name":"wp","href":"https:\/\/api.w.org\/{rel}","templated":true}]}}